{"id":1058,"date":"2024-01-04T18:15:40","date_gmt":"2024-01-04T21:15:40","guid":{"rendered":"https:\/\/sanhv.org\/?p=1058"},"modified":"2024-01-05T09:06:00","modified_gmt":"2024-01-05T12:06:00","slug":"ley-omnibus-nacion-se-comprometio-a-modificar-el-proyecto-que-busca-regular-la-actividad-pesquera","status":"publish","type":"post","link":"https:\/\/sanhv.org\/en\/ley-omnibus-nacion-se-comprometio-a-modificar-el-proyecto-que-busca-regular-la-actividad-pesquera\/","title":{"rendered":"Ley \u00d3mnibus: Naci\u00f3n se comprometi\u00f3 a modificar el proyecto que busca regular la actividad pesquera"},"content":{"rendered":"<p>Se acord\u00f3 que <strong>el espacio de las 200 millas se mantendr\u00e1 exclusivo para la pesca nacional<\/strong> y que <strong>no se quitar\u00e1 la obligaci\u00f3n de descargar en puertos argentinos<\/strong>. Tambi\u00e9n <strong>se pact\u00f3 armar una agenda de trabajo conjunto para tratar la pesca ilegal<\/strong>.<\/p>\n\n\n\n<p>Tras los fuertes <strong>rechazos del arco pol\u00edtico, ambiental, sindical y social<\/strong>, el gobierno nacional finalmente dio marcha atr\u00e1s con las modificaciones y derogaciones propuestas, en el marco de la <strong>Ley \u00d3mnibus<\/strong>, en torno a la <strong>Ley Federal de Pesca<\/strong>.<\/p>\n\n\n\n<p>El compromiso se dio luego de una reuni\u00f3n que mantuvo el ministro del Interior de Naci\u00f3n, Guillermo Francos, con el gobernador de Chubut, Ignacio Torres y el intendente de General Pueyrred\u00f3n, Guillermo Montenegro.<\/p>\n\n\n\n<figure class=\"wp-block-image aligncenter size-large\"><img fetchpriority=\"high\" decoding=\"async\" width=\"1024\" height=\"682\" src=\"https:\/\/sanhv.org\/wp-content\/uploads\/2024\/01\/WhatsApp-Image-2024-01-04-at-4.23.30-PM-1024x682.jpeg\" alt=\"\" class=\"wp-image-1059\" srcset=\"https:\/\/sanhv.org\/wp-content\/uploads\/2024\/01\/WhatsApp-Image-2024-01-04-at-4.23.30-PM-1024x682.jpeg 1024w, https:\/\/sanhv.org\/wp-content\/uploads\/2024\/01\/WhatsApp-Image-2024-01-04-at-4.23.30-PM-300x200.jpeg 300w, https:\/\/sanhv.org\/wp-content\/uploads\/2024\/01\/WhatsApp-Image-2024-01-04-at-4.23.30-PM-768x512.jpeg 768w, https:\/\/sanhv.org\/wp-content\/uploads\/2024\/01\/WhatsApp-Image-2024-01-04-at-4.23.30-PM-1536x1024.jpeg 1536w, https:\/\/sanhv.org\/wp-content\/uploads\/2024\/01\/WhatsApp-Image-2024-01-04-at-4.23.30-PM-2048x1365.jpeg 2048w\" sizes=\"(max-width: 1024px) 100vw, 1024px\" \/><\/figure>\n\n\n\n<p>Tras varias horas de encuentro, se acord\u00f3 que el espacio de las 200 millas se mantendr\u00e1 exclusivo para la pesca nacional y que no se quitar\u00e1 la obligaci\u00f3n de descargar en puertos argentinos. Estos dos ejes fueron los que generaron mayor pol\u00e9mica en relaci\u00f3n al paquete de medidas propuesto para modificar y derogar los art\u00edculos de la Ley 24.922.<\/p>\n\n\n\n<p>\u201cLos gobernadores nos han tra\u00eddo la preocupaci\u00f3n y <strong>convenimos que las 200 millas son de pesca nacional. Hay que hacer algunas modificaciones y hay que proteger la pesca nacional<\/strong>\u201d, sostuvo Francos en conferencia de prensa.<\/p>\n\n\n\n<p>Adem\u00e1s, aclar\u00f3 que se reforzar\u00e1n los medios para que la Prefectura pueda controlar mejor el ingreso ilegal de buques extranjeros dentro del Mar Argentino. En este sentido, el gobernador de Chubut asegur\u00f3 que \u201c<strong>estamos armando, tambi\u00e9n, una agenda de trabajo con el ministro de Defensa, Luis Petri, y la ministra de Seguridad, Patricia Bullrich, para dar una pelea muy fuerte contra la pesca ilegal<\/strong>\u201d.<\/p>\n\n\n\n<p>As\u00ed las cosas, la reacci\u00f3n temprana y mancomunada de los distintos sectores que se vieron afectados por las modificaciones y derogaciones de la Ley \u00d3mnibus parecen haber surtido efecto. Al menos en un acuerdo de palabra.<\/p>\n\n\n\n<h2 class=\"wp-block-heading\"><strong>Acci\u00f3n y reacci\u00f3n<\/strong><\/h2>\n\n\n\n<p>El proyecto enviado al Congreso lleva el nombre de \u201cLey de Bases y Puntos de Partida para La Libertad de los Argentinos\u201d, cuenta con 664 art\u00edculos y 351 p\u00e1ginas. En una amplia diversidad de ejes, propone derogaciones y modificaciones que generaron fuertes pol\u00e9micas que pusieron a la sociedad en alerta.<\/p>\n\n\n\n<p>Desde que se hizo p\u00fablico el contenido de esta Ley \u00d3mnibus, distintos sectores salieron r\u00e1pidamente al cruce demostrando su descontento. <strong>Fundaciones ambientales, legisladores, intendentes, referentes sindicales y empresarios de la pesca, se unieron en un reclamo com\u00fan<\/strong> entendiendo que el medio ambiente, las fuentes laborales y la soberan\u00eda nacional estaban siendo afectadas por las modificaciones propuestas.<\/p>\n\n\n\n<p>Si bien este cap\u00edtulo parece haber cerrado de una forma correcta, <strong>los puntos cuestionados de la Ley \u00d3mnibus siguen siendo muchos<\/strong>.<\/p>\n\n\n\n<p>Para los sectores de protecci\u00f3n ambiental los ejes de conflicto nacen a partir de las modificaciones sugeridas en torno a las siguientes leyes: <strong>Ley 26.562 CONTROL DE ACTIVIDADES DE QUEMA; LEY 26.331 DE BOSQUES NATIVOS y LEY 26.639 DE GLACIARES<\/strong>.<\/p>\n\n\n\n<p>Todas estas reformas, en l\u00edneas generales,<strong> implican menos protecci\u00f3n, presupuesto y recursos econ\u00f3micos para los ecosistemas y ambientes<\/strong>, y permiten la explotaci\u00f3n de recursos naturales, por parte de nacionales y extranjeros, sin controles estrictos. Sobre estos temas a\u00fan no hay noticias.<\/p>\n\n\n\n<h2 class=\"wp-block-heading\"><strong>\u00bfQu\u00e9 es una Ley \u00d3mnibus?<\/strong><\/h2>\n\n\n\n<p>La ley \u00f3mnibus es un t\u00e9rmino utilizado para describir un proyecto de ley que en su interior contiene una enorme cantidad de reformas. <strong>Es como un \u201cpaquete\u201d de leyes, pero con la diferencia que debe ser tratado, y votado, todo al mismo tiempo<\/strong>. Este formato legislativo es com\u00fanmente utilizado por los gobiernos que reci\u00e9n comienzan su mandato.<\/p>","protected":false},"excerpt":{"rendered":"<p>Tras los fuertes rechazos del arco pol\u00edtico, ambiental, sindical y social, el gobierno nacional finalmente dio marcha atr\u00e1s con las modificaciones y derogaciones propuestas, y asegur\u00f3 que el espacio de las 200 millas se mantendr\u00e1 exclusivo para la pesca nacional y que no se quitar\u00e1 la obligaci\u00f3n de descargar en puertos argentinos.<\/p>","protected":false},"author":1,"featured_media":1061,"comment_status":"closed","ping_status":"closed","sticky":false,"template":"","format":"standard","meta":{"footnotes":""},"categories":[14],"tags":[35,12],"class_list":["post-1058","post","type-post","status-publish","format-standard","has-post-thumbnail","hentry","category-noticias","tag-ley-omnibus","tag-pesca"],"_links":{"self":[{"href":"https:\/\/sanhv.org\/en\/wp-json\/wp\/v2\/posts\/1058","targetHints":{"allow":["GET"]}}],"collection":[{"href":"https:\/\/sanhv.org\/en\/wp-json\/wp\/v2\/posts"}],"about":[{"href":"https:\/\/sanhv.org\/en\/wp-json\/wp\/v2\/types\/post"}],"author":[{"embeddable":true,"href":"https:\/\/sanhv.org\/en\/wp-json\/wp\/v2\/users\/1"}],"replies":[{"embeddable":true,"href":"https:\/\/sanhv.org\/en\/wp-json\/wp\/v2\/comments?post=1058"}],"version-history":[{"count":2,"href":"https:\/\/sanhv.org\/en\/wp-json\/wp\/v2\/posts\/1058\/revisions"}],"predecessor-version":[{"id":1062,"href":"https:\/\/sanhv.org\/en\/wp-json\/wp\/v2\/posts\/1058\/revisions\/1062"}],"wp:featuredmedia":[{"embeddable":true,"href":"https:\/\/sanhv.org\/en\/wp-json\/wp\/v2\/media\/1061"}],"wp:attachment":[{"href":"https:\/\/sanhv.org\/en\/wp-json\/wp\/v2\/media?parent=1058"}],"wp:term":[{"taxonomy":"category","embeddable":true,"href":"https:\/\/sanhv.org\/en\/wp-json\/wp\/v2\/categories?post=1058"},{"taxonomy":"post_tag","embeddable":true,"href":"https:\/\/sanhv.org\/en\/wp-json\/wp\/v2\/tags?post=1058"}],"curies":[{"name":"wp","href":"https:\/\/api.w.org\/{rel}","templated":true}]}}