{"id":1286,"date":"2024-08-14T12:17:57","date_gmt":"2024-08-14T15:17:57","guid":{"rendered":"https:\/\/sanhv.org\/?p=1286"},"modified":"2024-08-14T12:17:58","modified_gmt":"2024-08-14T15:17:58","slug":"madryn-mas-de-30-estudiantes-de-la-escuela-n-7707-participaron-de-una-jornada-de-educacion-ambiental","status":"publish","type":"post","link":"https:\/\/sanhv.org\/en\/madryn-mas-de-30-estudiantes-de-la-escuela-n-7707-participaron-de-una-jornada-de-educacion-ambiental\/","title":{"rendered":"Madryn: m\u00e1s de 30 estudiantes de la escuela N\u00b0 7707 participaron de una jornada de educaci\u00f3n ambiental"},"content":{"rendered":"<p>Alumnos de la Escuela N\u00b0 7707 de Puerto Madryn vivieron una enriquecedora experiencia de educaci\u00f3n ambiental, organizada por la fundaci\u00f3n <strong>Sin Azul No Hay Verde<\/strong>. Estudiantes de 4to y 6to a\u00f1o se conectaron con la naturaleza de una manera did\u00e1ctica y significativa.<\/p>\n\n\n\n<p>La jornada comenz\u00f3 con una caminata por la costa, acompa\u00f1ados por un clima perfecto para disfrutar del entorno natural. Durante el recorrido, los estudiantes no solo aprendieron sobre la biodiversidad marina, sino que tambi\u00e9n tuvieron la suerte de observar ballenas, saltando cerca de la costa, y flamencos posando en el agua; una postal natural y \u00fanica de la Patagonia.<\/p>\n\n\n\n<p>La actividad central fue una charla did\u00e1ctica y participativa, donde el equipo de la Fundaci\u00f3n comparti\u00f3 contenido sobre el mar y sus especies, subrayando la importancia de la conservaci\u00f3n y el respeto por la biodiversidad.<\/p>\n\n\n\n<figure class=\"wp-block-image aligncenter size-full\"><img fetchpriority=\"high\" decoding=\"async\" width=\"1000\" height=\"666\" src=\"https:\/\/sanhv.org\/wp-content\/uploads\/2024\/08\/Grupo-Foto-Victoria-Higa.jpg\" alt=\"\" class=\"wp-image-1287\" srcset=\"https:\/\/sanhv.org\/wp-content\/uploads\/2024\/08\/Grupo-Foto-Victoria-Higa.jpg 1000w, https:\/\/sanhv.org\/wp-content\/uploads\/2024\/08\/Grupo-Foto-Victoria-Higa-300x200.jpg 300w, https:\/\/sanhv.org\/wp-content\/uploads\/2024\/08\/Grupo-Foto-Victoria-Higa-768x511.jpg 768w, https:\/\/sanhv.org\/wp-content\/uploads\/2024\/08\/Grupo-Foto-Victoria-Higa-18x12.jpg 18w\" sizes=\"(max-width: 1000px) 100vw, 1000px\" \/><figcaption class=\"wp-element-caption\">Foto: Victoria Higa<\/figcaption><\/figure>\n\n\n\n<p>Valentina Meyer, de <strong>Sin Azul No Hay Verde<\/strong>, ponder\u00f3 la iniciativa, resaltando que las acciones cotidianas pueden marcar una gran diferencia en la salud del ecosistema. \u201cCuidar nuestro ambiente es esencial, y estamos convencidos de que la educaci\u00f3n y la conciencia ambiental son las claves para proteger nuestro futuro\u00bb, afirm\u00f3, destacando el impacto positivo que estas jornadas tienen en la construcci\u00f3n de un mundo mejor.<\/p>\n\n\n\n<p>Este primer encuentro marca el inicio de una serie de actividades que Sin Azul No Hay Verde planea llevar a cabo con distintas instituciones educativas de la ciudad, con el objetivo de seguir fomentando la educaci\u00f3n ambiental y la conexi\u00f3n de los j\u00f3venes con su entorno natural.<\/p>\n\n\n\n<figure class=\"wp-block-image aligncenter size-full\"><img decoding=\"async\" width=\"1000\" height=\"666\" src=\"https:\/\/sanhv.org\/wp-content\/uploads\/2024\/08\/Ballenas-Foto-Victoria-Higa.jpg\" alt=\"\" class=\"wp-image-1288\" srcset=\"https:\/\/sanhv.org\/wp-content\/uploads\/2024\/08\/Ballenas-Foto-Victoria-Higa.jpg 1000w, https:\/\/sanhv.org\/wp-content\/uploads\/2024\/08\/Ballenas-Foto-Victoria-Higa-300x200.jpg 300w, https:\/\/sanhv.org\/wp-content\/uploads\/2024\/08\/Ballenas-Foto-Victoria-Higa-768x511.jpg 768w, https:\/\/sanhv.org\/wp-content\/uploads\/2024\/08\/Ballenas-Foto-Victoria-Higa-18x12.jpg 18w\" sizes=\"(max-width: 1000px) 100vw, 1000px\" \/><figcaption class=\"wp-element-caption\">Foto: Victoria Higa<\/figcaption><\/figure>\n\n\n\n<p>Juan Coustet, del equipo de la Fundaci\u00f3n, reflexion\u00f3 sobre el impacto de la jornada: \u00abCada encuentro es especial, pero este fue particularmente significativo por ser el primero que realizamos en campo, frente al mar. Poder conectar con el oc\u00e9ano mientras observamos a las ballenas y flamencos en su h\u00e1bitat natural es una experiencia incomparable. El clima y la fauna nos regalaron un d\u00eda perfecto, y los estudiantes demostraron un gran inter\u00e9s y conciencia ambiental, lo que refleja el excelente trabajo de los docentes\u00bb.<\/p>\n\n\n\n<h2 class=\"wp-block-heading\"><strong>Responsabilidad y cuidado<\/strong><\/h2>\n\n\n\n<p>La profesora Ludmila Pauluk, quien fue la encargada del grupo de alumnos, destac\u00f3 la importancia de estas experiencias en el aprendizaje de los j\u00f3venes. \u00abEstamos trabajando con los chicos el concepto de ambiente y la idea de que todos contribuimos a su cuidado. Esta jornada nos permiti\u00f3 observar de primera mano la responsabilidad que tenemos en la conservaci\u00f3n del ecosistema. Fue una oportunidad para sensibilizarnos y entender que el ambiente no nos pertenece, sino que somos parte de \u00e9l\u00bb.<\/p>\n\n\n\n<p>El entusiasmo y el compromiso de los estudiantes y docentes alientan este tipo de iniciativas, que no solo buscan educar, sino tambi\u00e9n inspirar a las nuevas generaciones a entender, proteger y resignificar su entorno.<\/p>\n\n\n\n<p><em>Foto de portada: Victoria Higa<\/em><\/p>","protected":false},"excerpt":{"rendered":"<p>La jornada de educaci\u00f3n ambiental fue organizada por la fundaci\u00f3n Sin Azul No Hay Verde. Estudiantes de 4to y 6to a\u00f1o se conectaron con la naturaleza de una manera did\u00e1ctica y significativa.<\/p>","protected":false},"author":1,"featured_media":1289,"comment_status":"closed","ping_status":"closed","sticky":false,"template":"","format":"standard","meta":{"footnotes":""},"categories":[14],"tags":[41,17],"class_list":["post-1286","post","type-post","status-publish","format-standard","has-post-thumbnail","hentry","category-noticias","tag-educacion-ambiental","tag-sanhv"],"_links":{"self":[{"href":"https:\/\/sanhv.org\/en\/wp-json\/wp\/v2\/posts\/1286","targetHints":{"allow":["GET"]}}],"collection":[{"href":"https:\/\/sanhv.org\/en\/wp-json\/wp\/v2\/posts"}],"about":[{"href":"https:\/\/sanhv.org\/en\/wp-json\/wp\/v2\/types\/post"}],"author":[{"embeddable":true,"href":"https:\/\/sanhv.org\/en\/wp-json\/wp\/v2\/users\/1"}],"replies":[{"embeddable":true,"href":"https:\/\/sanhv.org\/en\/wp-json\/wp\/v2\/comments?post=1286"}],"version-history":[{"count":1,"href":"https:\/\/sanhv.org\/en\/wp-json\/wp\/v2\/posts\/1286\/revisions"}],"predecessor-version":[{"id":1290,"href":"https:\/\/sanhv.org\/en\/wp-json\/wp\/v2\/posts\/1286\/revisions\/1290"}],"wp:featuredmedia":[{"embeddable":true,"href":"https:\/\/sanhv.org\/en\/wp-json\/wp\/v2\/media\/1289"}],"wp:attachment":[{"href":"https:\/\/sanhv.org\/en\/wp-json\/wp\/v2\/media?parent=1286"}],"wp:term":[{"taxonomy":"category","embeddable":true,"href":"https:\/\/sanhv.org\/en\/wp-json\/wp\/v2\/categories?post=1286"},{"taxonomy":"post_tag","embeddable":true,"href":"https:\/\/sanhv.org\/en\/wp-json\/wp\/v2\/tags?post=1286"}],"curies":[{"name":"wp","href":"https:\/\/api.w.org\/{rel}","templated":true}]}}