{"id":1305,"date":"2024-09-12T12:21:57","date_gmt":"2024-09-12T15:21:57","guid":{"rendered":"https:\/\/sanhv.org\/?p=1305"},"modified":"2024-09-12T12:25:33","modified_gmt":"2024-09-12T15:25:33","slug":"accion-ambiental-en-madryn-voluntarios-recolectaron-de-la-costa-15-bolsas-de-residuos","status":"publish","type":"post","link":"https:\/\/sanhv.org\/en\/accion-ambiental-en-madryn-voluntarios-recolectaron-de-la-costa-15-bolsas-de-residuos\/","title":{"rendered":"Acci\u00f3n ambiental en Madryn: voluntarios recolectaron de la costa 15 bolsas de residuos"},"content":{"rendered":"<p>El pasado fin de semana, Puerto Madryn fue escenario de una jornada especial dedicada a la limpieza costera y la sensibilizaci\u00f3n ambiental, organizada por la fundaci\u00f3n Sin Azul No Hay Verde. Bajo un cielo totalmente despejado y una temperatura ideal para disfrutar de la costa, m\u00e1s de 30 personas, entre ni\u00f1os, j\u00f3venes y adultos, recolectaron una gran cantidad de residuos.<\/p>\n\n\n\n<p>La actividad comenz\u00f3 cerca de las 12:00 con la recepci\u00f3n de los voluntarios en playa Kaiser. A medida que se distribu\u00edan las bolsas y guantes, los organizadores fueron brindando las recomendaciones para la limpieza. El equipo recorri\u00f3 un extenso tramo del cord\u00f3n costero, recolectando m\u00e1s de 15 bolsas de residuos completas. Fue un esfuerzo colectivo, donde grandes y chicos trabajaron codo a codo para despojar la playa de basura.<\/p>\n\n\n\n<figure class=\"wp-block-image aligncenter size-full\"><img fetchpriority=\"high\" decoding=\"async\" width=\"665\" height=\"1000\" src=\"https:\/\/sanhv.org\/wp-content\/uploads\/2024\/09\/Limpieza-PH-Victoria-Higa.jpg\" alt=\"\" class=\"wp-image-1307\" srcset=\"https:\/\/sanhv.org\/wp-content\/uploads\/2024\/09\/Limpieza-PH-Victoria-Higa.jpg 665w, https:\/\/sanhv.org\/wp-content\/uploads\/2024\/09\/Limpieza-PH-Victoria-Higa-200x300.jpg 200w, https:\/\/sanhv.org\/wp-content\/uploads\/2024\/09\/Limpieza-PH-Victoria-Higa-8x12.jpg 8w\" sizes=\"(max-width: 665px) 100vw, 665px\" \/><figcaption class=\"wp-element-caption\">Foto: Victoria Higa<\/figcaption><\/figure>\n\n\n\n<p>Entre los residuos se recolect\u00f3 una gran cantidad de pl\u00e1sticos, mayormente botellas, que estaban desperdigadas por la costa. Tambi\u00e9n se juntaron bolsas, papeles, retazos de telas y latas de aluminio. La mayor\u00eda de lo recolectado pertenece a residuos urbanos.<\/p>\n\n\n\n<p>\u201cEstas actividades sirven tambi\u00e9n como punto de encuentro para las personas con inquietudes ambientales, por lo cual es important\u00edsimo seguir realiz\u00e1ndolas, porque adem\u00e1s de ser medidas concretas y acciones espec\u00edficas, valen para seguir visibilizando la tem\u00e1tica y que no queden en actos aislados\u201d, remarc\u00f3 Juan Coustet, de Sin Azul No Hay Verde.<\/p>\n\n\n\n<p>Y agreg\u00f3: \u201cAdem\u00e1s, es importante seguir concientizando porque gran parte de los residuos que encontramos pertenecen todos al consumo propio de las personas que van a pasar el d\u00eda en la costa\u201d.<\/p>\n\n\n\n<figure class=\"wp-block-image aligncenter size-full\"><img decoding=\"async\" width=\"666\" height=\"1000\" src=\"https:\/\/sanhv.org\/wp-content\/uploads\/2024\/09\/Limpieza-de-playa-PH-Victoria-Higa-.jpg\" alt=\"\" class=\"wp-image-1308\" srcset=\"https:\/\/sanhv.org\/wp-content\/uploads\/2024\/09\/Limpieza-de-playa-PH-Victoria-Higa-.jpg 666w, https:\/\/sanhv.org\/wp-content\/uploads\/2024\/09\/Limpieza-de-playa-PH-Victoria-Higa--200x300.jpg 200w, https:\/\/sanhv.org\/wp-content\/uploads\/2024\/09\/Limpieza-de-playa-PH-Victoria-Higa--8x12.jpg 8w\" sizes=\"(max-width: 666px) 100vw, 666px\" \/><figcaption class=\"wp-element-caption\">Foto: Victoria Higa<\/figcaption><\/figure>\n\n\n\n<p>Alrededor de las 14:00, los participantes disfrutaron de un picnic compartido, que dio paso a un interesante ciclo de charlas. Proyecto Sub fue el primero en tomar la palabra, abordando la preocupante interacci\u00f3n entre la contaminaci\u00f3n pl\u00e1stica y la fauna marina, destacando c\u00f3mo este problema impacta tambi\u00e9n en las personas. Luego, el turno fue de Nuestros Mares, quienes expusieron sobre el ecoturismo como herramienta para mitigar el impacto del pl\u00e1stico en los oc\u00e9anos, brindando una perspectiva diferente y m\u00e1s alentadora.<\/p>\n\n\n\n<p>La jornada no solo se trat\u00f3 de limpiar la costa, sino tambi\u00e9n de disfrutar del entorno y aprender sobre la conservaci\u00f3n. Hubo sorteos que mantuvieron la energ\u00eda alta entre los presentes, con premios como salidas en kayak, bautismos submarinos, snorkeling con lobos marinos, y avistajes de ballenas, una experiencia \u00fanica en la regi\u00f3n.<\/p>\n\n\n\n<h2 class=\"wp-block-heading\"><strong>M\u00e1s actividades para concientizar<\/strong><\/h2>\n\n\n\n<p>Una de las actividades m\u00e1s llamativas fue la demostraci\u00f3n de Cianotipia Bot\u00e1nica a cargo de Milena Fracchia. Los participantes tuvieron la oportunidad de crear sus propias impresiones art\u00edsticas utilizando luz solar y plantas de la costa, llev\u00e1ndose un recuerdo tangible de la jornada.<\/p>\n\n\n\n<p>M\u00e1s tarde, Kevin Zaouali comparti\u00f3 su experiencia en la creaci\u00f3n de documentales sobre naturaleza y activismo ambiental, contando an\u00e9cdotas de sus filmaciones alrededor del mundo y su trabajo con grandes plataformas audiovisuales. Para cerrar, la fundaci\u00f3n Sin Azul No Hay Verde ofreci\u00f3 una charla interactiva sobre las \u00c1reas Marinas Protegidas, haciendo un llamado a la importancia de su preservaci\u00f3n.<\/p>\n\n\n\n<p>\u201cMediante esta jornada pudimos abordar una preocupaci\u00f3n ambiental que es el cuidado de nuestro mar a trav\u00e9s de distintas disciplinas, fue un encuentro interdisciplinario en el cual todos los disertantes de las charlas nos llevaron a ver las cosas desde otro punto de vista, de otro enfoque y tambi\u00e9n expresar la importancia de conectar el arte con lo ambiental para poner en valor todo lo que nos rodea. Desde la Fundaci\u00f3n invitamos a la comunidad a participar en este tipo de actividades y agradecemos a cada una de las personas presentes por generar tan bello ambiente\u201d, concluy\u00f3 Coustet.<\/p>\n\n\n\n<p>Este evento no solo fue una oportunidad para colaborar en la limpieza de la costa, sino tambi\u00e9n para compartir, aprender y, sobre todo, reflexionar sobre el rol que cada persona puede jugar en la conservaci\u00f3n del ambiente.<\/p>\n\n\n\n<p><strong><em>Foto de portada: Victoria Higa<\/em><\/strong><\/p>","protected":false},"excerpt":{"rendered":"<p>La ciudad chubutense fue escenario de una jornada de limpieza costera y sensibilizaci\u00f3n ambiental. donde m\u00e1s de 30 personas, entre ni\u00f1os, j\u00f3venes y adultos, recolectaron una gran cantidad de residuos. La propuesta fue organizada por la fundaci\u00f3n Sin Azul No Hay Verde.<\/p>","protected":false},"author":1,"featured_media":1306,"comment_status":"closed","ping_status":"closed","sticky":false,"template":"","format":"standard","meta":{"footnotes":""},"categories":[14],"tags":[30,19,38,23,17],"class_list":["post-1305","post","type-post","status-publish","format-standard","has-post-thumbnail","hentry","category-noticias","tag-chubut","tag-contaminacion","tag-limpieza-de-playas","tag-madryn","tag-sanhv"],"_links":{"self":[{"href":"https:\/\/sanhv.org\/en\/wp-json\/wp\/v2\/posts\/1305","targetHints":{"allow":["GET"]}}],"collection":[{"href":"https:\/\/sanhv.org\/en\/wp-json\/wp\/v2\/posts"}],"about":[{"href":"https:\/\/sanhv.org\/en\/wp-json\/wp\/v2\/types\/post"}],"author":[{"embeddable":true,"href":"https:\/\/sanhv.org\/en\/wp-json\/wp\/v2\/users\/1"}],"replies":[{"embeddable":true,"href":"https:\/\/sanhv.org\/en\/wp-json\/wp\/v2\/comments?post=1305"}],"version-history":[{"count":2,"href":"https:\/\/sanhv.org\/en\/wp-json\/wp\/v2\/posts\/1305\/revisions"}],"predecessor-version":[{"id":1310,"href":"https:\/\/sanhv.org\/en\/wp-json\/wp\/v2\/posts\/1305\/revisions\/1310"}],"wp:featuredmedia":[{"embeddable":true,"href":"https:\/\/sanhv.org\/en\/wp-json\/wp\/v2\/media\/1306"}],"wp:attachment":[{"href":"https:\/\/sanhv.org\/en\/wp-json\/wp\/v2\/media?parent=1305"}],"wp:term":[{"taxonomy":"category","embeddable":true,"href":"https:\/\/sanhv.org\/en\/wp-json\/wp\/v2\/categories?post=1305"},{"taxonomy":"post_tag","embeddable":true,"href":"https:\/\/sanhv.org\/en\/wp-json\/wp\/v2\/tags?post=1305"}],"curies":[{"name":"wp","href":"https:\/\/api.w.org\/{rel}","templated":true}]}}