{"id":1425,"date":"2025-03-18T13:05:52","date_gmt":"2025-03-18T16:05:52","guid":{"rendered":"https:\/\/sanhv.org\/?p=1425"},"modified":"2025-03-18T13:05:54","modified_gmt":"2025-03-18T16:05:54","slug":"rada-tilly-un-encuentro-con-el-mar-y-la-conciencia-ambiental","status":"publish","type":"post","link":"https:\/\/sanhv.org\/en\/rada-tilly-un-encuentro-con-el-mar-y-la-conciencia-ambiental\/","title":{"rendered":"Rada Tilly: un encuentro con el mar y la conciencia ambiental"},"content":{"rendered":"<p>El sol brillaba alto en Rada Tilly, una tenue brisa pasaba sobre la costa y el soplo de las ballenas se percib\u00eda a lo lejos. En este marco especial, m\u00e1s de 35 personas se congregaron en la playa para vivir una jornada \u00fanica de concientizaci\u00f3n y conexi\u00f3n con el oc\u00e9ano. Este importante evento reuni\u00f3 a muchos actores vinculados al mar que, a trav\u00e9s de charlas y actividades, acercaron a los participantes a la biodiversidad marina y a la importancia de su conservaci\u00f3n.<\/p>\n\n\n\n<p>La jornada cont\u00f3 con la participaci\u00f3n de la Fundaci\u00f3n Sin Azul No Hay Verde, la escuela de SUP y Surf, Que Fluya!, el fot\u00f3grafo Diego Cabanas, el productor audiovisual Mart\u00edn Moscovich, y la intendenta de Rada Tilly, Mariel Peralta.<\/p>\n\n\n\n<figure class=\"wp-block-image aligncenter size-large\"><img fetchpriority=\"high\" decoding=\"async\" width=\"1024\" height=\"819\" src=\"https:\/\/sanhv.org\/wp-content\/uploads\/2025\/03\/PH-Diego-Cabana-1024x819.jpg\" alt=\"\" class=\"wp-image-1429\" srcset=\"https:\/\/sanhv.org\/wp-content\/uploads\/2025\/03\/PH-Diego-Cabana-1024x819.jpg 1024w, https:\/\/sanhv.org\/wp-content\/uploads\/2025\/03\/PH-Diego-Cabana-300x240.jpg 300w, https:\/\/sanhv.org\/wp-content\/uploads\/2025\/03\/PH-Diego-Cabana-768x614.jpg 768w, https:\/\/sanhv.org\/wp-content\/uploads\/2025\/03\/PH-Diego-Cabana-15x12.jpg 15w, https:\/\/sanhv.org\/wp-content\/uploads\/2025\/03\/PH-Diego-Cabana.jpg 1500w\" sizes=\"(max-width: 1024px) 100vw, 1024px\" \/><figcaption class=\"wp-element-caption\">PH: Diego Cabanas<\/figcaption><\/figure>\n\n\n\n<p>\u00abEs fundamental que construyamos espacios en comunidad donde podamos compartir conocimientos y reforzar nuestro compromiso con el mar. Necesitamos entender que todo est\u00e1 interconectado y que cada acci\u00f3n, por peque\u00f1a que sea, contribuye al cuidado de nuestros oc\u00e9anos\u00bb, se\u00f1al\u00f3 Juan Coustet, coordinador de Sin Azul No Hay Verde.<\/p>\n\n\n\n<h2 class=\"wp-block-heading\"><strong>Charlas y actividades<\/strong><\/h2>\n\n\n\n<p>El d\u00eda comenz\u00f3 con la participaci\u00f3n de Wilmer Lunelli, de la escuela de Stand Up Paddle y Surf, quien brind\u00f3 una charla informativa y luego llev\u00f3 a los principiantes a realizar el bautismo en SUP.<\/p>\n\n\n\n<p>\u00abDesde Que Fluya! nos sentimos embajadores de nuestro entorno y consideramos fundamental generar estos espacios en comunidad, donde podemos compartir y transmitir nuestro esp\u00edritu de conservaci\u00f3n y amor por el oc\u00e9ano y la fauna marina. Queremos acercar cada vez m\u00e1s gente al mar de manera segura, creciendo entre todos en conciencia, respeto por la naturaleza y disfrute de nuestro entorno patag\u00f3nico\u00bb, expres\u00f3 Lunelli tras la jornada.<\/p>\n\n\n\n<figure class=\"wp-block-image size-large\"><img decoding=\"async\" width=\"1024\" height=\"414\" src=\"https:\/\/sanhv.org\/wp-content\/uploads\/2025\/03\/Rada-Tilly-PH-Diego-Cabana-1024x414.png\" alt=\"\" class=\"wp-image-1427\" srcset=\"https:\/\/sanhv.org\/wp-content\/uploads\/2025\/03\/Rada-Tilly-PH-Diego-Cabana-1024x414.png 1024w, https:\/\/sanhv.org\/wp-content\/uploads\/2025\/03\/Rada-Tilly-PH-Diego-Cabana-300x121.png 300w, https:\/\/sanhv.org\/wp-content\/uploads\/2025\/03\/Rada-Tilly-PH-Diego-Cabana-768x311.png 768w, https:\/\/sanhv.org\/wp-content\/uploads\/2025\/03\/Rada-Tilly-PH-Diego-Cabana-1536x621.png 1536w, https:\/\/sanhv.org\/wp-content\/uploads\/2025\/03\/Rada-Tilly-PH-Diego-Cabana-18x7.png 18w, https:\/\/sanhv.org\/wp-content\/uploads\/2025\/03\/Rada-Tilly-PH-Diego-Cabana.png 1918w\" sizes=\"(max-width: 1024px) 100vw, 1024px\" \/><figcaption class=\"wp-element-caption\">PH: Diego Cabanas<\/figcaption><\/figure>\n\n\n\n<p>Luego fue el turno de Diego Cabanas y Mart\u00edn Moscovich quienes destacaron la convocatoria e incentivaron a la comunidad a conocer para proteger.<\/p>\n\n\n\n<p>\u00abLa realidad es que lo que no se conoce, no se cuida ni se conserva y Comodoro tiene que dejar de estar de espaldas al mar. La fotograf\u00eda es una herramienta poderosa para la conservaci\u00f3n, un recurso que visibiliza el trabajo de investigadores y permite seguir promoviendo la protecci\u00f3n del ecosistema marino\u00bb, destac\u00f3 Cabanas.<\/p>\n\n\n\n<p>Por su parte, Moscovich, productor, entre otras cosas, de la pel\u00edcula Ocean Souls, habl\u00f3 de su vasta experiencia en la filmaci\u00f3n de estos animales y asegur\u00f3 que \u201cpor mi trabajo, conozco muchos lugares en el mundo, y esta parte de Argentina es \u00fanica por su biodiversidad\u201d. En tal sentido, destac\u00f3 la importancia de la conciencia ambiental para cuidar toda la vida que hay en el oc\u00e9ano.<\/p>\n\n\n\n<figure class=\"wp-block-image aligncenter size-large\"><img decoding=\"async\" width=\"1024\" height=\"768\" src=\"https:\/\/sanhv.org\/wp-content\/uploads\/2025\/03\/Que-Fluya-PH-Diego-Cabana-1024x768.jpg\" alt=\"\" class=\"wp-image-1426\" srcset=\"https:\/\/sanhv.org\/wp-content\/uploads\/2025\/03\/Que-Fluya-PH-Diego-Cabana-1024x768.jpg 1024w, https:\/\/sanhv.org\/wp-content\/uploads\/2025\/03\/Que-Fluya-PH-Diego-Cabana-300x225.jpg 300w, https:\/\/sanhv.org\/wp-content\/uploads\/2025\/03\/Que-Fluya-PH-Diego-Cabana-768x576.jpg 768w, https:\/\/sanhv.org\/wp-content\/uploads\/2025\/03\/Que-Fluya-PH-Diego-Cabana-16x12.jpg 16w, https:\/\/sanhv.org\/wp-content\/uploads\/2025\/03\/Que-Fluya-PH-Diego-Cabana.jpg 1280w\" sizes=\"(max-width: 1024px) 100vw, 1024px\" \/><figcaption class=\"wp-element-caption\">PH: Diego Cabanas<\/figcaption><\/figure>\n\n\n\n<p>La jornada cerr\u00f3 con una interesante charla sobre residuos pl\u00e1sticos a cargo de Juan Coustet, de Sin Azul No Hay Verde. El coordinador de la Fundaci\u00f3n brind\u00f3 detalles del trabajo que se realiza y destac\u00f3 la necesidad de que la comunidad se comprometa con la conservaci\u00f3n.<\/p>\n\n\n\n<p>\u201cPoder generar estos encuentros de comunidad y ser un nexo entre las personas y el Mar es algo sumamente gratificante.&nbsp; Vivimos una jornada hermosa, donde se gener\u00f3 un ambiente con una energ\u00eda muy linda, todas las personas tuvieron el espacio para compartir experiencias y expresar su amor por el Mar. Nos vamos muy felices de Rada Tilly y esperamos volver pronto.\u201d<\/p>\n\n\n\n<h2 class=\"wp-block-heading\"><strong>Rada Tilly: un polo de biodiversidad<\/strong><\/h2>\n\n\n\n<p>El lugar elegido para el evento no fue al azar. La localidad chubutense cuenta con una enorme biodiversidad que en los \u00faltimos a\u00f1os ha crecido exponencialmente. Desde la costa o los acantilados se pueden avistar y reconocer ballenas Sei, ballenas francas, ballenas jorobadas, delfines de risso, oscuros y toninas overas, entre otros mam\u00edferos marinos.<\/p>\n\n\n\n<figure class=\"wp-block-image aligncenter size-full\"><img loading=\"lazy\" decoding=\"async\" width=\"1024\" height=\"576\" src=\"https:\/\/sanhv.org\/wp-content\/uploads\/2025\/03\/Ballena-sei-con-delfines-oscuros-PH-Municipio-de-Rada-Tilly.png\" alt=\"\" class=\"wp-image-1428\" srcset=\"https:\/\/sanhv.org\/wp-content\/uploads\/2025\/03\/Ballena-sei-con-delfines-oscuros-PH-Municipio-de-Rada-Tilly.png 1024w, https:\/\/sanhv.org\/wp-content\/uploads\/2025\/03\/Ballena-sei-con-delfines-oscuros-PH-Municipio-de-Rada-Tilly-300x169.png 300w, https:\/\/sanhv.org\/wp-content\/uploads\/2025\/03\/Ballena-sei-con-delfines-oscuros-PH-Municipio-de-Rada-Tilly-768x432.png 768w, https:\/\/sanhv.org\/wp-content\/uploads\/2025\/03\/Ballena-sei-con-delfines-oscuros-PH-Municipio-de-Rada-Tilly-18x10.png 18w\" sizes=\"(max-width: 1024px) 100vw, 1024px\" \/><figcaption class=\"wp-element-caption\">Ph: Municipio de Rada Tilly<\/figcaption><\/figure>\n\n\n\n<p>En este marco, hace unos pocos a\u00f1os se descubri\u00f3 que m\u00e1s de 2.700 ejemplares de ballena Sei entran al golfo San Jorge para alimentarse, no hay registro de otras poblaciones de esta especie que permanezcan tan cercanas a la costa en el mundo. Llegan al golfo en diciembre y permanecen aproximadamente hasta junio.<\/p>","protected":false},"excerpt":{"rendered":"<p>Este importante evento reuni\u00f3 a muchos actores vinculados al mar que, a trav\u00e9s de charlas y actividades, acercaron a los participantes a la biodiversidad marina y a la importancia de su conservaci\u00f3n.<\/p>","protected":false},"author":1,"featured_media":1430,"comment_status":"closed","ping_status":"closed","sticky":false,"template":"","format":"standard","meta":{"footnotes":""},"categories":[14],"tags":[30,38,17],"class_list":["post-1425","post","type-post","status-publish","format-standard","has-post-thumbnail","hentry","category-noticias","tag-chubut","tag-limpieza-de-playas","tag-sanhv"],"_links":{"self":[{"href":"https:\/\/sanhv.org\/en\/wp-json\/wp\/v2\/posts\/1425","targetHints":{"allow":["GET"]}}],"collection":[{"href":"https:\/\/sanhv.org\/en\/wp-json\/wp\/v2\/posts"}],"about":[{"href":"https:\/\/sanhv.org\/en\/wp-json\/wp\/v2\/types\/post"}],"author":[{"embeddable":true,"href":"https:\/\/sanhv.org\/en\/wp-json\/wp\/v2\/users\/1"}],"replies":[{"embeddable":true,"href":"https:\/\/sanhv.org\/en\/wp-json\/wp\/v2\/comments?post=1425"}],"version-history":[{"count":1,"href":"https:\/\/sanhv.org\/en\/wp-json\/wp\/v2\/posts\/1425\/revisions"}],"predecessor-version":[{"id":1431,"href":"https:\/\/sanhv.org\/en\/wp-json\/wp\/v2\/posts\/1425\/revisions\/1431"}],"wp:featuredmedia":[{"embeddable":true,"href":"https:\/\/sanhv.org\/en\/wp-json\/wp\/v2\/media\/1430"}],"wp:attachment":[{"href":"https:\/\/sanhv.org\/en\/wp-json\/wp\/v2\/media?parent=1425"}],"wp:term":[{"taxonomy":"category","embeddable":true,"href":"https:\/\/sanhv.org\/en\/wp-json\/wp\/v2\/categories?post=1425"},{"taxonomy":"post_tag","embeddable":true,"href":"https:\/\/sanhv.org\/en\/wp-json\/wp\/v2\/tags?post=1425"}],"curies":[{"name":"wp","href":"https:\/\/api.w.org\/{rel}","templated":true}]}}