{"id":1472,"date":"2025-07-01T11:50:51","date_gmt":"2025-07-01T14:50:51","guid":{"rendered":"https:\/\/sanhv.org\/?p=1472"},"modified":"2025-07-30T11:21:05","modified_gmt":"2025-07-30T14:21:05","slug":"bajo-el-mar-hay-mucha-vida-y-esta-en-riesgo-la-fuerte-advertencia-de-un-buzo-madrynense-con-mas-de-25-anos-de-experiencia","status":"publish","type":"post","link":"https:\/\/sanhv.org\/en\/bajo-el-mar-hay-mucha-vida-y-esta-en-riesgo-la-fuerte-advertencia-de-un-buzo-madrynense-con-mas-de-25-anos-de-experiencia\/","title":{"rendered":"\u201cBajo el mar hay mucha vida y est\u00e1 en riesgo\u201d: la fuerte advertencia de un buzo madrynense con m\u00e1s de 25 a\u00f1os de experiencia"},"content":{"rendered":"<p>El mar tiene su propio suelo. Un lecho que no se pisa, pero que sostiene la vida. Un suelo que no se ve, pero que respira, produce ox\u00edgeno y guarda secretos que a\u00fan no se lograron descifrar. El 7 de julio se conmemora en Argentina el D\u00eda Nacional de la Conservaci\u00f3n del Suelo, una fecha que tradicionalmente convoca a pensar en la tierra. Pero \u00bfqu\u00e9 pasa con el fondo del mar? \u00bfQu\u00e9 hay bajo esa superficie l\u00edquida que parece inalcanzable?<\/p>\n\n\n\n<figure class=\"wp-block-image aligncenter size-large\"><img fetchpriority=\"high\" decoding=\"async\" width=\"1024\" height=\"682\" src=\"https:\/\/sanhv.org\/wp-content\/uploads\/2023\/12\/WhatsApp-Image-2023-12-11-at-2.51.27-PM-1024x682.jpeg\" alt=\"\" class=\"wp-image-1019\" srcset=\"https:\/\/sanhv.org\/wp-content\/uploads\/2023\/12\/WhatsApp-Image-2023-12-11-at-2.51.27-PM-1024x682.jpeg 1024w, https:\/\/sanhv.org\/wp-content\/uploads\/2023\/12\/WhatsApp-Image-2023-12-11-at-2.51.27-PM-300x200.jpeg 300w, https:\/\/sanhv.org\/wp-content\/uploads\/2023\/12\/WhatsApp-Image-2023-12-11-at-2.51.27-PM-768x512.jpeg 768w, https:\/\/sanhv.org\/wp-content\/uploads\/2023\/12\/WhatsApp-Image-2023-12-11-at-2.51.27-PM-1536x1023.jpeg 1536w, https:\/\/sanhv.org\/wp-content\/uploads\/2023\/12\/WhatsApp-Image-2023-12-11-at-2.51.27-PM.jpeg 1600w\" sizes=\"(max-width: 1024px) 100vw, 1024px\" \/><\/figure>\n\n\n\n<p>\u201cEl lecho marino tambi\u00e9n es suelo. Sostiene biodiversidad, regula procesos ecol\u00f3gicos, genera ox\u00edgeno, alimento, equilibrio. Pero no est\u00e1 a simple vista. Y lo que no se ve, muchas veces no se cuida\u201d, advierte Patricio Cartelli, director del centro Bucea Hoy, en Puerto Madryn. Con m\u00e1s de dos d\u00e9cadas de experiencia bajo el agua, es uno de los pocos instructores de instructores de buceo del pa\u00eds y dirige el \u00fanico Ecocentro con certificaci\u00f3n ambiental nacional en Sudam\u00e9rica. Su trabajo consiste, en buena parte, en formar nuevas miradas sobre el oc\u00e9ano.<\/p>\n\n\n\n<h2 class=\"wp-block-heading\"><strong>El fondo del mar est\u00e1 vivo<\/strong><\/h2>\n\n\n\n<p>\u201cDonde al principio uno solo ve arena, despu\u00e9s aparecen rastros, movimientos, se\u00f1ales: lenguados camuflados, agujeritos m\u00ednimos donde viven microorganismos, caminantes invisibles que dejan huellas. Y empez\u00e1s a entender. Ah\u00ed abajo pasan cosas\u201d, detalla el experimentado buzo. La observaci\u00f3n constante y la inmersi\u00f3n prolongada hacen visible lo invisible. \u201cCon el tiempo reconoc\u00e9s sonidos, chasquidos de camarones, de vieiras, el vaiv\u00e9n de los peces. Ves c\u00f3mo se acercan los animales cuando sienten que no sos una amenaza. Los lobos marinos, por ejemplo, te observan, interact\u00faan, respetan. Eso cambia tu manera de relacionarte con el ambiente. Empez\u00e1s a entender y a querer proteger\u201d.<\/p>\n\n\n\n<figure class=\"wp-block-image aligncenter size-full\"><img decoding=\"async\" width=\"1000\" height=\"664\" src=\"https:\/\/sanhv.org\/wp-content\/uploads\/2024\/01\/posteo-AMPs-2.jpg\" alt=\"\" class=\"wp-image-1074\" srcset=\"https:\/\/sanhv.org\/wp-content\/uploads\/2024\/01\/posteo-AMPs-2.jpg 1000w, https:\/\/sanhv.org\/wp-content\/uploads\/2024\/01\/posteo-AMPs-2-300x199.jpg 300w, https:\/\/sanhv.org\/wp-content\/uploads\/2024\/01\/posteo-AMPs-2-768x510.jpg 768w\" sizes=\"(max-width: 1000px) 100vw, 1000px\" \/><\/figure>\n\n\n\n<p>Cartelli habla de gravedad cero, de flotar en cuatro dimensiones, de una experiencia sensorial plena. Pero tambi\u00e9n de un suelo fr\u00e1gil que sufre impactos concretos. \u201cHay restingas, formaciones rocosas, bosques de algas, colonias de esponjas, y much\u00edsimas especies que se refugian ah\u00ed. El lecho marino no es un desierto. Es un ecosistema complejo, interconectado, esencial\u201d.<\/p>\n\n\n\n<h2 class=\"wp-block-heading\"><strong>El impacto que nadie ve<\/strong><\/h2>\n\n\n\n<p>La sobrepesca, la contaminaci\u00f3n, el turismo no regulado y especialmente la pesca de arrastre est\u00e1n generando da\u00f1os silenciosos y profundos. \u201cEl arrastre barre con todo lo que encuentra. No distingue. Arrasa. Es una actividad que deber\u00eda estar regulada\u201d, advierte. Y plantea una pregunta que no tiene una respuesta sencilla: \u201c\u00bfEs m\u00e1s importante el recurso para comer o lo que estamos dejando para ma\u00f1ana?\u201d.<\/p>\n\n\n\n<p>La comparaci\u00f3n con el suelo continental es directa. As\u00ed como la desertificaci\u00f3n o la p\u00e9rdida de cobertura vegetal en la superficie afectan la vida terrestre, la alteraci\u00f3n del lecho marino compromete el equilibrio ecol\u00f3gico del oc\u00e9ano. \u201cTodav\u00eda no conocemos ni el 5% de ese mundo. No sabemos qu\u00e9 hay en las profundidades. Y sin embargo, estamos afect\u00e1ndolo todos los d\u00edas\u201d.<\/p>\n\n\n\n<figure class=\"wp-block-image aligncenter size-large\"><img decoding=\"async\" width=\"1024\" height=\"576\" src=\"https:\/\/sanhv.org\/wp-content\/uploads\/2025\/07\/Fondo-marino-1024x576.png\" alt=\"\" class=\"wp-image-1475\" srcset=\"https:\/\/sanhv.org\/wp-content\/uploads\/2025\/07\/Fondo-marino-1024x576.png 1024w, https:\/\/sanhv.org\/wp-content\/uploads\/2025\/07\/Fondo-marino-300x169.png 300w, https:\/\/sanhv.org\/wp-content\/uploads\/2025\/07\/Fondo-marino-768x432.png 768w, https:\/\/sanhv.org\/wp-content\/uploads\/2025\/07\/Fondo-marino-1536x864.png 1536w\" sizes=\"(max-width: 1024px) 100vw, 1024px\" \/><\/figure>\n\n\n\n<p>El buzo reconoce que su relaci\u00f3n con el agua es tambi\u00e9n personal: \u201cSiempre, siempre hay algo nuevo por descubrir. El mar nunca se repite. Es imposible entrar al mismo lugar dos veces y ver lo mismo. Es una caja de Pandora. Y est\u00e1 viva\u201d.<\/p>\n\n\n\n<h2 class=\"wp-block-heading\"><strong>Una fecha para profundizar<\/strong><\/h2>\n\n\n\n<p>Cartelli naci\u00f3 en Buenos Aires, pero eligi\u00f3 Madryn hace m\u00e1s de veinte a\u00f1os. Dej\u00f3 una carrera en comercio exterior para dedicarse de lleno al mar. Form\u00f3 buzos en Brasil y Espa\u00f1a. Desde 2011 lidera un centro que combina formaci\u00f3n profesional, trabajo con personas con discapacidad y educaci\u00f3n ambiental. Bucea Hoy no solo ense\u00f1a a bucear: forma conciencia ecol\u00f3gica bajo el agua.<\/p>\n\n\n\n<figure class=\"wp-block-image aligncenter size-large\"><img loading=\"lazy\" decoding=\"async\" width=\"1024\" height=\"682\" src=\"https:\/\/sanhv.org\/wp-content\/uploads\/2023\/10\/ocean-1845110_1280-1024x682.jpg\" alt=\"\" class=\"wp-image-961\" srcset=\"https:\/\/sanhv.org\/wp-content\/uploads\/2023\/10\/ocean-1845110_1280-1024x682.jpg 1024w, https:\/\/sanhv.org\/wp-content\/uploads\/2023\/10\/ocean-1845110_1280-300x200.jpg 300w, https:\/\/sanhv.org\/wp-content\/uploads\/2023\/10\/ocean-1845110_1280-768x512.jpg 768w, https:\/\/sanhv.org\/wp-content\/uploads\/2023\/10\/ocean-1845110_1280.jpg 1280w\" sizes=\"(max-width: 1024px) 100vw, 1024px\" \/><\/figure>\n\n\n\n<p>El D\u00eda Nacional de la Conservaci\u00f3n del Suelo es una oportunidad para ampliar la mirada. Para entender que tambi\u00e9n en las profundidades hay territorio que sostiene vida, ciclos, diversidad. Un suelo sin caminos ni alambrados, pero con estructuras milenarias que oxigenan el planeta y regulan los oc\u00e9anos.<\/p>\n\n\n\n<p>\u201cEs fundamental aprender a mirar distinto. A entender que todo est\u00e1 conectado, aunque no lo veamos\u201d, concluye Cartelli. En un mundo que empieza a prestar atenci\u00f3n a lo que est\u00e1 en riesgo, escuchar a quienes viven en contacto directo con esos ecosistemas puede ser el primer paso para entender y, posteriormente, querer proteger.<\/p>","protected":false},"excerpt":{"rendered":"<p>\u201cEl lecho marino no es solo arena y sedimentos, hay mucha vida y mucha biodiversidad\u201d, advierte Patricio Cartelli, buzo de Madryn con m\u00e1s de 25 a\u00f1os de experiencia. Desde las profundidades, lanza una advertencia urgente: bajo el mar hay un ecosistema que sostiene al planeta y est\u00e1 siendo alterado sin que lo veamos. En el D\u00eda Nacional de la Conservaci\u00f3n del Suelo, propone mirar m\u00e1s hondo.<\/p>","protected":false},"author":1,"featured_media":1473,"comment_status":"closed","ping_status":"closed","sticky":false,"template":"","format":"standard","meta":{"footnotes":""},"categories":[14],"tags":[],"class_list":["post-1472","post","type-post","status-publish","format-standard","has-post-thumbnail","hentry","category-noticias"],"_links":{"self":[{"href":"https:\/\/sanhv.org\/en\/wp-json\/wp\/v2\/posts\/1472","targetHints":{"allow":["GET"]}}],"collection":[{"href":"https:\/\/sanhv.org\/en\/wp-json\/wp\/v2\/posts"}],"about":[{"href":"https:\/\/sanhv.org\/en\/wp-json\/wp\/v2\/types\/post"}],"author":[{"embeddable":true,"href":"https:\/\/sanhv.org\/en\/wp-json\/wp\/v2\/users\/1"}],"replies":[{"embeddable":true,"href":"https:\/\/sanhv.org\/en\/wp-json\/wp\/v2\/comments?post=1472"}],"version-history":[{"count":2,"href":"https:\/\/sanhv.org\/en\/wp-json\/wp\/v2\/posts\/1472\/revisions"}],"predecessor-version":[{"id":1477,"href":"https:\/\/sanhv.org\/en\/wp-json\/wp\/v2\/posts\/1472\/revisions\/1477"}],"wp:featuredmedia":[{"embeddable":true,"href":"https:\/\/sanhv.org\/en\/wp-json\/wp\/v2\/media\/1473"}],"wp:attachment":[{"href":"https:\/\/sanhv.org\/en\/wp-json\/wp\/v2\/media?parent=1472"}],"wp:term":[{"taxonomy":"category","embeddable":true,"href":"https:\/\/sanhv.org\/en\/wp-json\/wp\/v2\/categories?post=1472"},{"taxonomy":"post_tag","embeddable":true,"href":"https:\/\/sanhv.org\/en\/wp-json\/wp\/v2\/tags?post=1472"}],"curies":[{"name":"wp","href":"https:\/\/api.w.org\/{rel}","templated":true}]}}