{"id":1531,"date":"2025-11-29T11:12:34","date_gmt":"2025-11-29T14:12:34","guid":{"rendered":"https:\/\/sanhv.org\/?p=1531"},"modified":"2025-12-01T12:34:42","modified_gmt":"2025-12-01T15:34:42","slug":"cine-ciencia-y-comunidad-rada-tilly-puso-en-foco-la-pesca-de-arrastre-y-las-areas-marinas-protegidas","status":"publish","type":"post","link":"https:\/\/sanhv.org\/en\/cine-ciencia-y-comunidad-rada-tilly-puso-en-foco-la-pesca-de-arrastre-y-las-areas-marinas-protegidas\/","title":{"rendered":"Cine, ciencia y comunidad: Rada Tilly puso en foco la pesca de arrastre y las \u00e1reas marinas protegidas"},"content":{"rendered":"<p>Con sala completa y participaci\u00f3n diversa, Rada Tilly fue sede de una noche dedicada al oc\u00e9ano: muestra fotogr\u00e1fica, proyecci\u00f3n de un documental internacional y un conversatorio que puso en agenda la pesca de arrastre, las \u00c1reas Marinas Protegidas y la transparencia (datos p\u00fablicos oficiales) del sector pesquero. Asistieron m\u00e1s de 60 personas, entre ellas funcionarios del gobierno y referentes de ONGs y fundaciones vinculadas a la conservaci\u00f3n marina.<\/p>\n\n\n\n<figure class=\"wp-block-image aligncenter size-large\"><img fetchpriority=\"high\" decoding=\"async\" width=\"1024\" height=\"683\" src=\"https:\/\/sanhv.org\/wp-content\/uploads\/2025\/11\/Conferencia-PH-@danistrubia-1024x683.jpg\" alt=\"\" class=\"wp-image-1534\" srcset=\"https:\/\/sanhv.org\/wp-content\/uploads\/2025\/11\/Conferencia-PH-@danistrubia-1024x683.jpg 1024w, https:\/\/sanhv.org\/wp-content\/uploads\/2025\/11\/Conferencia-PH-@danistrubia-300x200.jpg 300w, https:\/\/sanhv.org\/wp-content\/uploads\/2025\/11\/Conferencia-PH-@danistrubia-768x512.jpg 768w, https:\/\/sanhv.org\/wp-content\/uploads\/2025\/11\/Conferencia-PH-@danistrubia-18x12.jpg 18w, https:\/\/sanhv.org\/wp-content\/uploads\/2025\/11\/Conferencia-PH-@danistrubia.jpg 1500w\" sizes=\"(max-width: 1024px) 100vw, 1024px\" \/><figcaption class=\"wp-element-caption\">PH &#8211; @danistrubia<\/figcaption><\/figure>\n\n\n\n<h2 class=\"wp-block-heading\"><strong>Una noche con im\u00e1genes, datos y comunidad<\/strong><\/h2>\n\n\n\n<p>La jornada comenz\u00f3 con la exposici\u00f3n fotogr\u00e1fica de Diego Caba\u00f1as, que el p\u00fablico recorri\u00f3 antes de tomar asiento. Posteriormente, inici\u00f3 la proyecci\u00f3n del documental Ocean, cuyas secuencias y mensajes lograron sostener la atenci\u00f3n y el clima de intercambio que vendr\u00eda despu\u00e9s. El film Ocean combina im\u00e1genes submarinas y evidencia cient\u00edfica para mostrar la riqueza del oc\u00e9ano y revelar los impactos de la pesca de arrastre sobre los ecosistemas.<\/p>\n\n\n\n<figure class=\"wp-block-image aligncenter size-large\"><img decoding=\"async\" width=\"1024\" height=\"683\" src=\"https:\/\/sanhv.org\/wp-content\/uploads\/2025\/11\/Publico-PH-@danistrubia-1024x683.jpg\" alt=\"\" class=\"wp-image-1532\" srcset=\"https:\/\/sanhv.org\/wp-content\/uploads\/2025\/11\/Publico-PH-@danistrubia-1024x683.jpg 1024w, https:\/\/sanhv.org\/wp-content\/uploads\/2025\/11\/Publico-PH-@danistrubia-300x200.jpg 300w, https:\/\/sanhv.org\/wp-content\/uploads\/2025\/11\/Publico-PH-@danistrubia-768x512.jpg 768w, https:\/\/sanhv.org\/wp-content\/uploads\/2025\/11\/Publico-PH-@danistrubia-18x12.jpg 18w, https:\/\/sanhv.org\/wp-content\/uploads\/2025\/11\/Publico-PH-@danistrubia.jpg 1500w\" sizes=\"(max-width: 1024px) 100vw, 1024px\" \/><figcaption class=\"wp-element-caption\">PH &#8211; @danistrubia<\/figcaption><\/figure>\n\n\n\n<p>\u201cLas im\u00e1genes de las fotos y del documental dejaron a todos muy enganchados\u201d, se\u00f1al\u00f3 Juan Coustet, coordinador de Investigaci\u00f3n y Trabajo con la Comunidad de Sin Azul No Hay Verde en Chubut. \u201cLuego pasamos a un conversatorio de unos 30 minutos, muy fluido, donde ordenamos ideas y pusimos sobre la mesa los temas que importan\u201d.<\/p>\n\n\n\n<h2 class=\"wp-block-heading\"><strong>Qu\u00e9 se discuti\u00f3<\/strong><\/h2>\n\n\n\n<p>El di\u00e1logo abord\u00f3 los tres impactos negativos centrales de la pesca de arrastre \u2014sobrepesca, bycatch o descarte, y destrucci\u00f3n\/degradaci\u00f3n de h\u00e1bitats\u2014 y avanz\u00f3 sobre el d\u00e9ficit de transparencia: qui\u00e9nes pescan, c\u00f3mo y d\u00f3nde lo hacen, qu\u00e9 capturan, si respetan la normativa y c\u00f3mo se aplican las sanciones. Hubo consenso en la necesidad de crear y fortalecer \u00c1reas Marinas Protegidas, con buena administraci\u00f3n y fiscalizaci\u00f3n, y en sostener un trabajo continuo en la provincia, en l\u00ednea con el camino que viene recorriendo la organizaci\u00f3n.<\/p>\n\n\n\n<figure class=\"wp-block-image aligncenter size-large\"><img decoding=\"async\" width=\"1024\" height=\"683\" src=\"https:\/\/sanhv.org\/wp-content\/uploads\/2025\/11\/Conferencia-y-publico-PH-@danistrubia-1024x683.jpg\" alt=\"\" class=\"wp-image-1535\" srcset=\"https:\/\/sanhv.org\/wp-content\/uploads\/2025\/11\/Conferencia-y-publico-PH-@danistrubia-1024x683.jpg 1024w, https:\/\/sanhv.org\/wp-content\/uploads\/2025\/11\/Conferencia-y-publico-PH-@danistrubia-300x200.jpg 300w, https:\/\/sanhv.org\/wp-content\/uploads\/2025\/11\/Conferencia-y-publico-PH-@danistrubia-768x512.jpg 768w, https:\/\/sanhv.org\/wp-content\/uploads\/2025\/11\/Conferencia-y-publico-PH-@danistrubia-18x12.jpg 18w, https:\/\/sanhv.org\/wp-content\/uploads\/2025\/11\/Conferencia-y-publico-PH-@danistrubia.jpg 1500w\" sizes=\"(max-width: 1024px) 100vw, 1024px\" \/><figcaption class=\"wp-element-caption\">PH &#8211; @danistrubia<\/figcaption><\/figure>\n\n\n\n<p>\u201cSubrayamos la importancia de generar espacios para encontrarnos y conocer m\u00e1s sobre nuestro mar\u201d, agreg\u00f3 Coustet. \u201cPorque para proteger hay que amar, y para amar primero hay que conocer. Cerramos agradeciendo la presencia e invitando a ser actores de protecci\u00f3n del oc\u00e9ano, donde cada acci\u00f3n y cada palabra suma\u201d.<\/p>\n\n\n\n<h2 class=\"wp-block-heading\"><strong>Balance y pr\u00f3ximos pasos<\/strong><\/h2>\n\n\n\n<p>El encuentro dej\u00f3 un balance positivo: alta participaci\u00f3n ciudadana, presencia institucional y un intercambio que combin\u00f3 evidencia, testimonios locales y propuestas concretas. \u201cFue una gran iniciativa de Sin Azul No Hay Verde y estamos muy agradecidos por la invitaci\u00f3n y muy gratificados por los temas que se trataron. Celebro tambi\u00e9n la presencia de una gran cantidad de p\u00fablico, fundamentalmente joven, que se acerc\u00f3, se interes\u00f3 y particip\u00f3.\u201d \u2014 sostuvo Jos\u00e9 Mar\u00eda Musmeci, presidente de la Fundaci\u00f3n Patagonia Natural, quien presenci\u00f3 el evento.<\/p>\n\n\n\n<p>La organizaci\u00f3n agradeci\u00f3 la asistencia y el inter\u00e9s sostenido, y anticip\u00f3 que continuar\u00e1 impulsando instancias abiertas de informaci\u00f3n y debate para fortalecer la cultura de cuidado del mar en Rada Tilly y en toda la costa de Chubut.<\/p>","protected":false},"excerpt":{"rendered":"<p>Con la sala colmada y un p\u00fablico heterog\u00e9neo, Rada Tilly fue escenario de una velada enfocada en el oc\u00e9ano: exposici\u00f3n de fotos, proyecci\u00f3n de un documental internacional y un conversatorio que abord\u00f3 la pesca de arrastre, las \u00c1reas Marinas Protegidas y la transparencia del sector pesquero.<\/p>","protected":false},"author":1,"featured_media":1533,"comment_status":"closed","ping_status":"closed","sticky":false,"template":"","format":"standard","meta":{"footnotes":""},"categories":[14],"tags":[],"class_list":["post-1531","post","type-post","status-publish","format-standard","has-post-thumbnail","hentry","category-noticias"],"_links":{"self":[{"href":"https:\/\/sanhv.org\/en\/wp-json\/wp\/v2\/posts\/1531","targetHints":{"allow":["GET"]}}],"collection":[{"href":"https:\/\/sanhv.org\/en\/wp-json\/wp\/v2\/posts"}],"about":[{"href":"https:\/\/sanhv.org\/en\/wp-json\/wp\/v2\/types\/post"}],"author":[{"embeddable":true,"href":"https:\/\/sanhv.org\/en\/wp-json\/wp\/v2\/users\/1"}],"replies":[{"embeddable":true,"href":"https:\/\/sanhv.org\/en\/wp-json\/wp\/v2\/comments?post=1531"}],"version-history":[{"count":2,"href":"https:\/\/sanhv.org\/en\/wp-json\/wp\/v2\/posts\/1531\/revisions"}],"predecessor-version":[{"id":1537,"href":"https:\/\/sanhv.org\/en\/wp-json\/wp\/v2\/posts\/1531\/revisions\/1537"}],"wp:featuredmedia":[{"embeddable":true,"href":"https:\/\/sanhv.org\/en\/wp-json\/wp\/v2\/media\/1533"}],"wp:attachment":[{"href":"https:\/\/sanhv.org\/en\/wp-json\/wp\/v2\/media?parent=1531"}],"wp:term":[{"taxonomy":"category","embeddable":true,"href":"https:\/\/sanhv.org\/en\/wp-json\/wp\/v2\/categories?post=1531"},{"taxonomy":"post_tag","embeddable":true,"href":"https:\/\/sanhv.org\/en\/wp-json\/wp\/v2\/tags?post=1531"}],"curies":[{"name":"wp","href":"https:\/\/api.w.org\/{rel}","templated":true}]}}