{"id":855,"date":"2023-06-29T14:03:00","date_gmt":"2023-06-29T17:03:00","guid":{"rendered":"https:\/\/sanhv.org\/?p=855"},"modified":"2023-06-29T14:03:02","modified_gmt":"2023-06-29T17:03:02","slug":"sin-azul-no-hay-verde-en-mision-atlantico-el-rol-clave-de-la-juventud-en-la-lucha-por-la-conservacion","status":"publish","type":"post","link":"https:\/\/sanhv.org\/en\/sin-azul-no-hay-verde-en-mision-atlantico-el-rol-clave-de-la-juventud-en-la-lucha-por-la-conservacion\/","title":{"rendered":"Sin Azul No Hay Verde en Misi\u00f3n Atl\u00e1ntico: el rol clave de la juventud en la lucha por la conservaci\u00f3n"},"content":{"rendered":"<p>El pasado fin de semana ocurri\u00f3, sin exagerar, un <strong>hito hist\u00f3rico en Argentina<\/strong>. Cient\u00edficos, pol\u00edticos, j\u00f3venes ambientalistas y la comunidad en general se reunieron en Comodoro Rivadavia, en el marco del <strong>Congreso Misi\u00f3n Atl\u00e1ntico<\/strong>, para visibilizar, trabajar en conjunto y comprometerse a realizar acciones concretas en torno a la conservaci\u00f3n del Mar Argentino.<\/p>\n\n\n\n<figure class=\"wp-block-image aligncenter size-large\"><img fetchpriority=\"high\" decoding=\"async\" width=\"1024\" height=\"768\" src=\"https:\/\/sanhv.org\/wp-content\/uploads\/2023\/06\/WhatsApp-Image-2023-06-25-at-15.15.58-1024x768.jpeg\" alt=\"\" class=\"wp-image-860\" srcset=\"https:\/\/sanhv.org\/wp-content\/uploads\/2023\/06\/WhatsApp-Image-2023-06-25-at-15.15.58-1024x768.jpeg 1024w, https:\/\/sanhv.org\/wp-content\/uploads\/2023\/06\/WhatsApp-Image-2023-06-25-at-15.15.58-300x225.jpeg 300w, https:\/\/sanhv.org\/wp-content\/uploads\/2023\/06\/WhatsApp-Image-2023-06-25-at-15.15.58-768x576.jpeg 768w, https:\/\/sanhv.org\/wp-content\/uploads\/2023\/06\/WhatsApp-Image-2023-06-25-at-15.15.58.jpeg 1280w\" sizes=\"(max-width: 1024px) 100vw, 1024px\" \/><\/figure>\n\n\n\n<p>El evento cont\u00f3 con la participaci\u00f3n de destacados oradores nacionales e internacionales, quienes compartieron sus conocimientos y experiencias sobre \u00e1reas marinas protegidas alrededor del mundo.<\/p>\n\n\n\n<p>Junto con las destacadas exposiciones de los expertos, fue clave la <strong>participaci\u00f3n de la juventud y el activismo<\/strong> como ejes centrales para promover la comunicaci\u00f3n y la participaci\u00f3n de los distintos sectores de la sociedad.<\/p>\n\n\n\n<p>En este marco, <strong>Luc\u00eda Castro y Camila Pignocchi<\/strong>, coordinadoras de la Fundaci\u00f3n <a href=\"https:\/\/www.instagram.com\/sinazulnohayverde\/?hl=es\" target=\"_blank\" rel=\"noreferrer noopener\">Sin Azul No Hay Verde<\/a>, brindaron una elocuente exposici\u00f3n para mostrar el<strong> rol de las ONGs<\/strong>, las <strong>consecuencias de la pesca de arrastre<\/strong>, la urgencia de <strong>crear \u00e1reas marinas protegidas<\/strong> y la necesidad de <strong>repensarnos como sociedad<\/strong>.<\/p>\n\n\n\n<p>\u201cBuscamos llenar esa grieta de comunicaci\u00f3n que existe entre la sociedad que, en muchos casos, est\u00e1 desconectada del mar, con todo aquello que sucede en \u00e9l. Lo bueno y lo malo\u201d, de esta manera abri\u00f3 la exposici\u00f3n Lucia Castro, dejando en claro el rol de la Fundaci\u00f3n.<\/p>\n\n\n\n<h2 class=\"wp-block-heading\">Las problem\u00e1ticas<\/h2>\n\n\n\n<p>La <strong>pesca de arrastre es uno de los enemigos principales de la conservaci\u00f3n marina<\/strong>, y las distintas exposiciones del Congreso no hicieron m\u00e1s que dejarlo en claro. Si bien en el pa\u00eds existen regulaciones vigentes, las mismas no se est\u00e1n llevando a cabo.<\/p>\n\n\n\n<figure class=\"wp-block-image aligncenter size-full\"><img decoding=\"async\" width=\"1000\" height=\"749\" src=\"https:\/\/sanhv.org\/wp-content\/uploads\/2023\/06\/WhatsApp-Image-2023-04-24-at-11.57.45-4.jpeg\" alt=\"\" class=\"wp-image-809\" srcset=\"https:\/\/sanhv.org\/wp-content\/uploads\/2023\/06\/WhatsApp-Image-2023-04-24-at-11.57.45-4.jpeg 1000w, https:\/\/sanhv.org\/wp-content\/uploads\/2023\/06\/WhatsApp-Image-2023-04-24-at-11.57.45-4-300x225.jpeg 300w, https:\/\/sanhv.org\/wp-content\/uploads\/2023\/06\/WhatsApp-Image-2023-04-24-at-11.57.45-4-768x575.jpeg 768w\" sizes=\"(max-width: 1000px) 100vw, 1000px\" \/><\/figure>\n\n\n\n<p>\u201cNos encontramos con un manejo y una administraci\u00f3n con muy poco control, fiscalizaci\u00f3n y transparencia. No hablamos de que no hay regulaci\u00f3n, sino de la ausencia de aplicaci\u00f3n de la misma\u201d, remarc\u00f3 Luc\u00eda Castro.<\/p>\n\n\n\n<p>Y agreg\u00f3: \u201cEn estos momentos, <strong>hay muchos barcos afuera, actuado como si el Mar Argentino fuese una fuente inagotable de recursos y un basurero<\/strong> <strong>al mismo tiempo<\/strong>\u201d.<\/p>\n\n\n\n<h2 class=\"wp-block-heading\">Las \u00e1reas protegidas y el trabajo conjunto<\/h2>\n\n\n\n<p>La necesidad de crear \u00e1reas protegidas en el mar fue uno de los ejes centrales del Congreso. De esta necesidad tampoco quedaron dudas. En este sentido, el debate se ampli\u00f3 porque, a priori, el sector de la pesca ver\u00eda afectada su industria si esto se lleva a cabo.<\/p>\n\n\n\n<p>Pero aqu\u00ed apareci\u00f3 uno de los grandes fundamentos que transform\u00f3 este evento en un hito. Y es que la consolidaci\u00f3n de las \u00e1reas protegidas genera, a largo plazo, un beneficio para todos.\u00a0 <strong>\u201cLa industria necesita de un mar lleno de vida<\/strong>, pero, para eso, es necesario que el ecosistema este saludable y sea funcional\u201d, explic\u00f3 Luc\u00eda Castro.<\/p>\n\n\n\n<figure class=\"wp-block-image aligncenter size-full\"><img decoding=\"async\" width=\"1000\" height=\"666\" src=\"https:\/\/sanhv.org\/wp-content\/uploads\/2023\/06\/FR200328.jpg\" alt=\"\" class=\"wp-image-859\" srcset=\"https:\/\/sanhv.org\/wp-content\/uploads\/2023\/06\/FR200328.jpg 1000w, https:\/\/sanhv.org\/wp-content\/uploads\/2023\/06\/FR200328-300x200.jpg 300w, https:\/\/sanhv.org\/wp-content\/uploads\/2023\/06\/FR200328-768x511.jpg 768w\" sizes=\"(max-width: 1000px) 100vw, 1000px\" \/><\/figure>\n\n\n\n<p>Y complet\u00f3: \u201c<strong>La creaci\u00f3n de las \u00e1reas marinas protegidas es clave porque es una herramienta que resguarda a las especies<\/strong>, permitiendo que el ecosistema se restaure, y provea refugio para especies que son de inter\u00e9s para la industria pesquera. Generando beneficios para todos\u201d.<\/p>\n\n\n\n<h2 class=\"wp-block-heading\">Otra perspectiva<\/h2>\n\n\n\n<p>En alg\u00fan momento, el cient\u00edfico Albert Einstein dijo: \u201c<strong>No se puede resolver un problema desde el mismo nivel de conciencia que lo cre\u00f3<\/strong>\u201d.\u00a0 Esta reflexi\u00f3n es perfectamente aplicable a la problem\u00e1tica que est\u00e1 atravesando la sociedad en torno a la protecci\u00f3n del mar. No podemos seguir actuando de la misma forma que nos llev\u00f3 a estar en esta situaci\u00f3n. <strong>Es necesario un cambio de paradigma que genere otros resultados.<\/strong><\/p>\n\n\n\n<p>\u201cTenemos que animarnos a nuevas soluciones, creemos que las cosas se pueden hacer de otra manera, pero tenemos que estar todos juntos. Tenemos que hacernos la pregunta: <strong>\u00bfhacia qu\u00e9 futuro queremos ir y c\u00f3mo queremos proteger nuestro oc\u00e9ano?<\/strong>\u201d, reflexion\u00f3 Luc\u00eda Castro.<\/p>\n\n\n\n<p>\u201c<strong>Necesitamos zonas de conservaci\u00f3n estrictas, no parques de papel<\/strong>. Este tema debe ser una prioridad en la agenda de los gobernantes, de las organizaciones, de los j\u00f3venes y, porque no tambi\u00e9n, de la industria pesquera\u201d, concluy\u00f3 a modo de cierre, Camila Pignocchi.<\/p>","protected":false},"excerpt":{"rendered":"<p>Junto con cient\u00edficos, pol\u00edticos, j\u00f3venes ambientalistas y la comunidad en general, la Fundaci\u00f3n estuvo presente en el importante Congreso, Misi\u00f3n Atl\u00e1ntico.<\/p>","protected":false},"author":1,"featured_media":858,"comment_status":"closed","ping_status":"closed","sticky":false,"template":"","format":"standard","meta":{"footnotes":""},"categories":[14],"tags":[16,13,17],"class_list":["post-855","post","type-post","status-publish","format-standard","has-post-thumbnail","hentry","category-noticias","tag-mision-atlantico","tag-pesca-de-arrastre","tag-sanhv"],"_links":{"self":[{"href":"https:\/\/sanhv.org\/en\/wp-json\/wp\/v2\/posts\/855","targetHints":{"allow":["GET"]}}],"collection":[{"href":"https:\/\/sanhv.org\/en\/wp-json\/wp\/v2\/posts"}],"about":[{"href":"https:\/\/sanhv.org\/en\/wp-json\/wp\/v2\/types\/post"}],"author":[{"embeddable":true,"href":"https:\/\/sanhv.org\/en\/wp-json\/wp\/v2\/users\/1"}],"replies":[{"embeddable":true,"href":"https:\/\/sanhv.org\/en\/wp-json\/wp\/v2\/comments?post=855"}],"version-history":[{"count":2,"href":"https:\/\/sanhv.org\/en\/wp-json\/wp\/v2\/posts\/855\/revisions"}],"predecessor-version":[{"id":862,"href":"https:\/\/sanhv.org\/en\/wp-json\/wp\/v2\/posts\/855\/revisions\/862"}],"wp:featuredmedia":[{"embeddable":true,"href":"https:\/\/sanhv.org\/en\/wp-json\/wp\/v2\/media\/858"}],"wp:attachment":[{"href":"https:\/\/sanhv.org\/en\/wp-json\/wp\/v2\/media?parent=855"}],"wp:term":[{"taxonomy":"category","embeddable":true,"href":"https:\/\/sanhv.org\/en\/wp-json\/wp\/v2\/categories?post=855"},{"taxonomy":"post_tag","embeddable":true,"href":"https:\/\/sanhv.org\/en\/wp-json\/wp\/v2\/tags?post=855"}],"curies":[{"name":"wp","href":"https:\/\/api.w.org\/{rel}","templated":true}]}}