{"id":903,"date":"2023-08-08T11:16:41","date_gmt":"2023-08-08T14:16:41","guid":{"rendered":"https:\/\/sanhv.org\/?p=903"},"modified":"2023-08-08T11:28:37","modified_gmt":"2023-08-08T14:28:37","slug":"mario-gomez-conectar-para-proteger-debe-ser-nuestro-objetivo","status":"publish","type":"post","link":"https:\/\/sanhv.org\/en\/mario-gomez-conectar-para-proteger-debe-ser-nuestro-objetivo\/","title":{"rendered":"Mario G\u00f3mez: \u201cConectar para proteger debe ser nuestro objetivo\u201d"},"content":{"rendered":"<p>As\u00ed lo afirm\u00f3 el <strong>ambientalista mexicano Mario G\u00f3mez<\/strong>, director de la asociaci\u00f3n <strong>Beta Diversidad<\/strong>. Adem\u00e1s, destac\u00f3 la importancia de la protecci\u00f3n del mar para garantizar la subsistencia de la humanidad y enfatiz\u00f3 que \u00ab<strong>manejando los oc\u00e9anos de manera responsable podr\u00edamos asegurar la seguridad alimentaria a nivel mundial<\/strong>\u00ab. Tambi\u00e9n proporcion\u00f3 detalles sobre la amenaza que representa la <strong>pesca de arrastre<\/strong> como m\u00e9todo de extracci\u00f3n. \u00ab<strong>Es una pr\u00e1ctica letal para los mares<\/strong>\u00ab, declar\u00f3.<\/p>\n\n\n\n<p>La voz de Mario se impone, limpia, clara y contundente. Como sus ideas. Y es que, por m\u00e1s de 30 a\u00f1os, se dedica a promover e implementar proyectos de conservaci\u00f3n de los oc\u00e9anos en M\u00e9xico. Fue el <strong>impulsor del Parque Nacional Revillagigedo<\/strong>, el \u00e1rea marina protegida libre de pesca m\u00e1s grande de Norteam\u00e9rica. Gracias a ello, se convirti\u00f3 en el primer mexicano en ganar el premio Lifetime Achievement de los Ocean Awards.<\/p>\n\n\n\n<figure class=\"wp-block-image aligncenter size-full\"><img fetchpriority=\"high\" decoding=\"async\" width=\"561\" height=\"287\" src=\"https:\/\/sanhv.org\/wp-content\/uploads\/2023\/08\/1652366394.jpg\" alt=\"\" class=\"wp-image-904\" srcset=\"https:\/\/sanhv.org\/wp-content\/uploads\/2023\/08\/1652366394.jpg 561w, https:\/\/sanhv.org\/wp-content\/uploads\/2023\/08\/1652366394-300x153.jpg 300w\" sizes=\"(max-width: 561px) 100vw, 561px\" \/><\/figure>\n\n\n\n<p>Adem\u00e1s de ello, Mario form\u00f3 parte del equipo de especialistas que crearon la Comisi\u00f3n Nacional de \u00c1reas Naturales Protegidas (CONANP) y el Sistema Nacional de \u00c1reas Naturales Protegidas en M\u00e9xico. Tambi\u00e9n ha desarrollado programas de restauraci\u00f3n, uso sustentable y desarrollo social para el sector privado.<\/p>\n\n\n\n<p>\u201c<strong>Las \u00c1reas Marinas Protegidas son porciones de territorio donde el ambiente original no ha sido significativamente alterado y que est\u00e1n sujetas a protecci\u00f3n, conservaci\u00f3n y restauraci\u00f3n y al aprovechamiento de sus recursos naturales<\/strong>\u201d, De esta manera, Mario defini\u00f3 lo que busca llevar adelante.<\/p>\n\n\n\n<p>\u201cAdem\u00e1s \u2013 prosigui\u00f3 &#8211; <strong>el oc\u00e9ano es solo uno, solamente se lo divide geogr\u00e1ficamente como organizaci\u00f3n, pero todos est\u00e1n conectados<\/strong>, de ah\u00ed que preservar un ecosistema se hace esencial para todos\u201d.<\/p>\n\n\n\n<figure class=\"wp-block-image aligncenter size-full\"><img decoding=\"async\" width=\"750\" height=\"750\" src=\"https:\/\/sanhv.org\/wp-content\/uploads\/2023\/08\/17265761_277903009312504_7150094415728476160_n.jpg\" alt=\"\" class=\"wp-image-906\"\/><\/figure>\n\n\n\n<p>En relaci\u00f3n a ello, fue contundente: \u201c<strong>Si manejamos las cosas de manera responsable con todas las especies que est\u00e1n en el mar, creo que podr\u00edamos llegar a garantizar la seguridad alimentaria en el mundo<\/strong>\u201d.<\/p>\n\n\n\n<p>Sin embargo, a\u00fan estamos lejos de manejar las cosas de manera responsable. Y parte de esto es la utilizaci\u00f3n de la<strong> pesca de arrastre<\/strong> como m\u00e9todo de extracci\u00f3n.<\/p>\n\n\n\n<p>En este punto, Mario fue categ\u00f3rico. Bas\u00e1ndose en su amplia experiencia y en las m\u00faltiples acciones llevadas a cabo en torno a ello, asegur\u00f3: \u201c<strong>Es una pr\u00e1ctica letal para los mares<\/strong>\u201d.<\/p>\n\n\n\n<figure class=\"wp-block-image aligncenter size-full\"><img decoding=\"async\" width=\"880\" height=\"495\" src=\"https:\/\/sanhv.org\/wp-content\/uploads\/2023\/06\/WhatsApp-Image-2023-04-24-at-11.57.45-1.jpeg\" alt=\"\" class=\"wp-image-808\" srcset=\"https:\/\/sanhv.org\/wp-content\/uploads\/2023\/06\/WhatsApp-Image-2023-04-24-at-11.57.45-1.jpeg 880w, https:\/\/sanhv.org\/wp-content\/uploads\/2023\/06\/WhatsApp-Image-2023-04-24-at-11.57.45-1-300x169.jpeg 300w, https:\/\/sanhv.org\/wp-content\/uploads\/2023\/06\/WhatsApp-Image-2023-04-24-at-11.57.45-1-768x432.jpeg 768w\" sizes=\"(max-width: 880px) 100vw, 880px\" \/><\/figure>\n\n\n\n<p>\u201cDe entrada, el ecosistema se ve perfectamente afectado, destruyendo el lecho marino y liberando CO2. Adem\u00e1s, esto ha alterado el proceso evolutivo de la biodiversidad, porque siempre que un barco arrastrero est\u00e1 en operaci\u00f3n, captura, al menos, 9 toneladas de cr\u00edas o juveniles que no han de reproducirse, por una tonelada de langostinos aptos. Esta pesca incidental son b\u00e1sicamente cr\u00edas\u201d, explic\u00f3 el experimentado ambientalista mexicano sobre la situaci\u00f3n en su pa\u00eds.<strong><\/strong><\/p>\n\n\n\n<p>Y agreg\u00f3: \u201cEsto afecta tambi\u00e9n al pescador artesanal y al consumidor local y regional. Hay otros m\u00e9todos alternativos para pescar, aqu\u00ed tenemos redes con caracter\u00edsticas que no lesionan el lecho marino, evitando la afectaci\u00f3n a las cr\u00edas\u201d.<\/p>\n\n\n\n<h2 class=\"wp-block-heading\"><strong>Beneficios para todos<\/strong><\/h2>\n\n\n\n<p>A priori, se piensa que la consolidaci\u00f3n de un \u00c1rea Marina Protegida a gran escala afectar\u00eda la producci\u00f3n pesquera industrial. Pero estudios cient\u00edficos y econ\u00f3micos realizados en torno a la conformaci\u00f3n de Revillagigedo, demostraron que esto no es as\u00ed.<\/p>\n\n\n\n<p>\u201c<strong>La idea en M\u00e9xico es que haya zonas de exclusi\u00f3n de pesca industrial que se conviertan en una \u2019caja de ahorro\u2019 para las empresas y que esta posibilidad les d\u00e9 la oportunidad de convertirse en una f\u00e1brica natural de peces que generen un efecto derrame<\/strong>. Esto es uno de los principales valores que tiene la creaci\u00f3n de un \u00c1rea Protegida y ya est\u00e1 probado cient\u00edficamente que funcionan y son efectivos. Esto beneficia a la industria pesquera para tener visi\u00f3n de futuro\u201d, explic\u00f3 el ambientalista.<\/p>\n\n\n\n<figure class=\"wp-block-image aligncenter size-full\"><img decoding=\"async\" src=\"https:\/\/sanhv.org\/wp-content\/uploads\/2023\/01\/posteo-AMPs-2.jpg\" alt=\"\" class=\"wp-image-604\"\/><\/figure>\n\n\n\n<p>Y, al respecto, detall\u00f3 que \u201ces muy dif\u00edcil que la industria pesquera pueda tener visi\u00f3n a largo plazo, porque est\u00e1n con una voracidad de capital tremenda, explotando todo lo que venga\u201d.<\/p>\n\n\n\n<h2 class=\"wp-block-heading\"><strong>Las vedas no son \u00e1reas protegidas<\/strong><\/h2>\n\n\n\n<p>Sectores de la industria pesquera argumentan que las vedas pueden ser consideradas como espacios donde se permite que las especies se reproduzcan para garantizar el recurso.<\/p>\n\n\n\n<p>En este sentido, G\u00f3mez aclar\u00f3 que \u201cl<strong>as vedas no pueden ser consideradas en absoluto como \u00e1reas protegidas\u201d <\/strong>y subray\u00f3 que<strong> \u201cadem\u00e1s deben estar basadas en informaci\u00f3n cient\u00edfica para que sean efectivas<\/strong>\u201d.<\/p>\n\n\n\n<p>En relaci\u00f3n a esto, el ambientalista mexicano dijo que \u201cen M\u00e9xico, notamos que muchas de las vedas que determin\u00f3 el sector pesquero son en temporada de huracanes, justamente cuando no pueden salir a navegar. Muy conveniente. Pero, las vuelven a abrir cuando muchas especies de tibur\u00f3n est\u00e1n en etapa de reproducci\u00f3n\u201d.<\/p>\n\n\n\n<p>Por su parte, <strong>en Argentina, aunque las vedas pueden reflejar un buen manejo de la pesquer\u00eda, no tienen fines de conservaci\u00f3n a mayor escala que los destinados al recurso de inter\u00e9s comercial.<\/strong> Es decir, se utilizan m\u00e1s como una herramienta econ\u00f3mica que como un instrumento de conservaci\u00f3n ambiental.<\/p>\n\n\n\n<h2 class=\"wp-block-heading\"><strong>Conexi\u00f3n<\/strong><\/h2>\n\n\n\n<p>Los mares est\u00e1n conectados entre s\u00ed, con la humanidad y con la vida en general en el planeta. Por eso, es importante pensar la conservaci\u00f3n y la protecci\u00f3n como una acci\u00f3n integral, y no individual.<\/p>\n\n\n\n<p>\u201c<strong>Creo que tenemos que conectarnos entre todos los pa\u00edses para llegar a acuerdos importantes<\/strong>. Hay que conectarnos entre cient\u00edficos, ONGs, prestadores, autoridades y p\u00fablico en general para obtener avances. Me parece que conectar para proteger es el eslogan que tenemos que transformar en objetivo\u201d, sintetiz\u00f3 Mario G\u00f3mez.<\/p>","protected":false},"excerpt":{"rendered":"<p>El ambientalista mexicano habl\u00f3 sobre la importancia de la protecci\u00f3n del mar y asegur\u00f3 que \u00abmanejando los oc\u00e9anos de manera responsable podr\u00edamos asegurar la seguridad alimentaria a nivel mundial\u00bb. Tambi\u00e9n dio detalles sobre la amenaza que representa la pesca de arrastre como m\u00e9todo de extracci\u00f3n.<\/p>","protected":false},"author":1,"featured_media":908,"comment_status":"closed","ping_status":"closed","sticky":false,"template":"","format":"standard","meta":{"footnotes":""},"categories":[14],"tags":[21,26,12,13],"class_list":["post-903","post","type-post","status-publish","format-standard","has-post-thumbnail","hentry","category-noticias","tag-areas-marinas-protegidas","tag-mario-gomez","tag-pesca","tag-pesca-de-arrastre"],"_links":{"self":[{"href":"https:\/\/sanhv.org\/en\/wp-json\/wp\/v2\/posts\/903","targetHints":{"allow":["GET"]}}],"collection":[{"href":"https:\/\/sanhv.org\/en\/wp-json\/wp\/v2\/posts"}],"about":[{"href":"https:\/\/sanhv.org\/en\/wp-json\/wp\/v2\/types\/post"}],"author":[{"embeddable":true,"href":"https:\/\/sanhv.org\/en\/wp-json\/wp\/v2\/users\/1"}],"replies":[{"embeddable":true,"href":"https:\/\/sanhv.org\/en\/wp-json\/wp\/v2\/comments?post=903"}],"version-history":[{"count":2,"href":"https:\/\/sanhv.org\/en\/wp-json\/wp\/v2\/posts\/903\/revisions"}],"predecessor-version":[{"id":909,"href":"https:\/\/sanhv.org\/en\/wp-json\/wp\/v2\/posts\/903\/revisions\/909"}],"wp:featuredmedia":[{"embeddable":true,"href":"https:\/\/sanhv.org\/en\/wp-json\/wp\/v2\/media\/908"}],"wp:attachment":[{"href":"https:\/\/sanhv.org\/en\/wp-json\/wp\/v2\/media?parent=903"}],"wp:term":[{"taxonomy":"category","embeddable":true,"href":"https:\/\/sanhv.org\/en\/wp-json\/wp\/v2\/categories?post=903"},{"taxonomy":"post_tag","embeddable":true,"href":"https:\/\/sanhv.org\/en\/wp-json\/wp\/v2\/tags?post=903"}],"curies":[{"name":"wp","href":"https:\/\/api.w.org\/{rel}","templated":true}]}}