{"id":910,"date":"2023-08-22T10:27:53","date_gmt":"2023-08-22T13:27:53","guid":{"rendered":"https:\/\/sanhv.org\/?p=910"},"modified":"2023-08-22T10:27:55","modified_gmt":"2023-08-22T13:27:55","slug":"argentina-busca-implementar-dos-nuevas-areas-marinas-protegidas","status":"publish","type":"post","link":"https:\/\/sanhv.org\/en\/argentina-busca-implementar-dos-nuevas-areas-marinas-protegidas\/","title":{"rendered":"Argentina busca implementar dos nuevas \u00c1reas Marinas Protegidas"},"content":{"rendered":"<p>Ambas se encuentran en el Congreso en distintas etapas de avance. <strong>Agujero Azul<\/strong> ya cuenta con media sanci\u00f3n y aguarda a ser aprobada en el Senado. Por su parte, <strong>Frente Vald\u00e9s<\/strong>, a\u00fan no fue tratada en ninguna de las dos C\u00e1maras. De concretarse ambos proyectos, <strong>el pa\u00eds pasar\u00eda a tener un 14% de mar protegido, en vistas de alcanzar la meta de resguardar, al menos, el 30% del oc\u00e9ano para 2030<\/strong>.<\/p>\n\n\n\n<figure class=\"wp-block-image aligncenter size-full\"><img fetchpriority=\"high\" decoding=\"async\" width=\"1000\" height=\"750\" src=\"https:\/\/sanhv.org\/wp-content\/uploads\/2023\/07\/Ballenas-Pat.-Azul-Lucas-Beltramino-2-6.jpg\" alt=\"\" class=\"wp-image-873\" srcset=\"https:\/\/sanhv.org\/wp-content\/uploads\/2023\/07\/Ballenas-Pat.-Azul-Lucas-Beltramino-2-6.jpg 1000w, https:\/\/sanhv.org\/wp-content\/uploads\/2023\/07\/Ballenas-Pat.-Azul-Lucas-Beltramino-2-6-300x225.jpg 300w, https:\/\/sanhv.org\/wp-content\/uploads\/2023\/07\/Ballenas-Pat.-Azul-Lucas-Beltramino-2-6-768x576.jpg 768w\" sizes=\"(max-width: 1000px) 100vw, 1000px\" \/><\/figure>\n\n\n\n<p>Las \u00c1reas Marinas Protegidas son grandes espacios regulados y administrados, para evitar que el ser humano los destruya con sus pr\u00e1cticas nocivas. Esta es una definici\u00f3n simple, coloquial, no t\u00e9cnica, de lo que se busca hacer a nivel mundial. Y es que Argentina, al igual que otros pa\u00edses, se comprometi\u00f3 a proteger el 30 por ciento de su mar, para el a\u00f1o 2030.<\/p>\n\n\n\n<p>Si bien faltan 7 a\u00f1os para la fecha l\u00edmite, este objetivo, parece algo lejano. No obstante, hay al menos dos proyectos en puerta que buscan salir a luz para <strong>aumentar ese porcentaje de protecci\u00f3n<\/strong>, que hoy roza el 8 por ciento, e intentar alcanzar el 30. Esos impulsores son los proyectos Agujero Azul y Frente Vald\u00e9s.<\/p>\n\n\n\n<h2 class=\"wp-block-heading\">Agujero Azul<\/h2>\n\n\n\n<p>Esta \u00e1rea marina protegida <strong>se propone como \u00e1rea bent\u00f3nica<\/strong>. Esto quiere decir que busca proteger el lecho y el subsuelo marino, no as\u00ed la columna de agua. Esto \u00faltimo tiene que ver con la ubicaci\u00f3n, y es que, geogr\u00e1ficamente, se ubica a 321 kil\u00f3metros (200 millas) de la costa, fuera de la zona econ\u00f3mica exclusiva, donde el pa\u00eds tiene jurisdicci\u00f3n solo del fondo marino.<\/p>\n\n\n\n<p>Concretamente, el \u00e1rea <strong>abarca una superficie de 148.000 kil\u00f3metros cuadrados, y est\u00e1 en la superficie donde yacen los restos del submarino ARA San Juan<\/strong>.<\/p>\n\n\n\n<figure class=\"wp-block-image aligncenter size-large\"><img decoding=\"async\" width=\"1024\" height=\"576\" src=\"https:\/\/sanhv.org\/wp-content\/uploads\/2023\/08\/Agujero-Azul-1024x576.jpg\" alt=\"\" class=\"wp-image-911\" srcset=\"https:\/\/sanhv.org\/wp-content\/uploads\/2023\/08\/Agujero-Azul-1024x576.jpg 1024w, https:\/\/sanhv.org\/wp-content\/uploads\/2023\/08\/Agujero-Azul-300x169.jpg 300w, https:\/\/sanhv.org\/wp-content\/uploads\/2023\/08\/Agujero-Azul-768x432.jpg 768w, https:\/\/sanhv.org\/wp-content\/uploads\/2023\/08\/Agujero-Azul.jpg 1200w\" sizes=\"(max-width: 1024px) 100vw, 1024px\" \/><\/figure>\n\n\n\n<p>El \u00c1rea Marina Protegida llevar\u00eda la mayor categor\u00eda de conservaci\u00f3n que es \u201c<strong>Reserva Marina Estricta<\/strong>\u201d. Esto implicar\u00eda prohibir pr\u00e1cticas industriales destructivas, como la extracci\u00f3n de petr\u00f3leo, gas y la pesca de arrastre.\u00a0\u00a0<\/p>\n\n\n\n<p>El sector donde se delimit\u00f3 la superficie del \u00c1rea es de alt\u00edsima importancia ecol\u00f3gica, porque es hogar, sitio de alimentaci\u00f3n, reproducci\u00f3n y cr\u00eda de diversas especies claves para el ecosistema. No obstante, tambi\u00e9n se busca contar con m\u00e1s herramientas legales para frenar la destrucci\u00f3n del fondo marino, impulsada por la pesca de arrastre ilegal o no declarada.<\/p>\n\n\n\n<p>Actualmente, <strong>el proyecto se encuentra con media sanci\u00f3n en el Congreso. Para que vea finalmente la luz, falta que sea tratado y aprobado por el Senado<\/strong>.<\/p>\n\n\n\n<h2 class=\"wp-block-heading\">Frente Vald\u00e9s<\/h2>\n\n\n\n<p>Este proyecto es m\u00e1s reciente por lo que est\u00e1 menos avanzado en materia administrativa. <strong>Ingres\u00f3 al Congreso hace poco por lo que a\u00fan no recibi\u00f3 tratamiento por parte de las C\u00e1maras<\/strong>.<\/p>\n\n\n\n<p><strong>Frente Vald\u00e9s<\/strong> est\u00e1 ubicada al este del Patrimonio de la Humanidad Pen\u00ednsula Vald\u00e9s, en Chubut y <strong>tiene una superficie de 9.276 Km2<\/strong>. Esta \u00c1rea busca ser creada bajo <strong>la categor\u00eda de conservaci\u00f3n 2: \u201cParque Nacional Marino\u201d<\/strong>. Seg\u00fan esta clase, se permite el turismo como \u00fanica actividad econ\u00f3mica. Pero, si el plan de manejo lo autoriza, se podr\u00eda admitir la pesca de arrastre.<\/p>\n\n\n\n<figure class=\"wp-block-image aligncenter size-full\"><img decoding=\"async\" width=\"760\" height=\"507\" src=\"https:\/\/sanhv.org\/wp-content\/uploads\/2023\/08\/AMP-Peninsula-de-Valdes-02.jpg\" alt=\"\" class=\"wp-image-912\" srcset=\"https:\/\/sanhv.org\/wp-content\/uploads\/2023\/08\/AMP-Peninsula-de-Valdes-02.jpg 760w, https:\/\/sanhv.org\/wp-content\/uploads\/2023\/08\/AMP-Peninsula-de-Valdes-02-300x200.jpg 300w\" sizes=\"(max-width: 760px) 100vw, 760px\" \/><\/figure>\n\n\n\n<p>Esta zona es de alto valor para el ecosistema porque aqu\u00ed se distribuyen y alimentan distintas especies de mam\u00edferos marinos como ballenas, delfines, tiburones amenazadas de extinci\u00f3n y aves. Adem\u00e1s, es \u00e1rea de cr\u00eda de especies de peces y mariscos de alto inter\u00e9s comercial.<\/p>\n\n\n\n<h2 class=\"wp-block-heading\">M\u00e1s \u00c1reas Protegidas, mejor futuro<\/h2>\n\n\n\n<p>Si <strong>Agujero Azul<\/strong> y <strong>Frente Vald\u00e9s<\/strong> son aprobadas, <strong>Argentina pasar\u00eda a tener, aproximadamente, un 14% de su mar protegido<\/strong>. Si bien le quedan solo 7 a\u00f1os para alcanzar el 16 por ciento restante y llegar al 30, ser\u00eda un avance considerable.<\/p>\n\n\n\n<p>Pero, m\u00e1s all\u00e1 de alcanzar un objetivo concreto, <strong>la creaci\u00f3n de nuevas \u00e1reas marinas protegidas no debe frenarse<\/strong>. Es importante que se instale en la agenda pol\u00edtica y social porque son garant\u00edas a futuro. <strong>Son los reservorios de vida que pueden hacer que la sociedad tenga una existencia mejor y m\u00e1s pr\u00f3spera.<\/strong><\/p>","protected":false},"excerpt":{"rendered":"<p>Se trata de Agujero Azul y Frente Vald\u00e9s. Ambas se encuentran en su etapa legislativa y aguardan ser aprobadas. De implementarse, el pa\u00eds alcanzar\u00eda el 14% de mar protegido.<\/p>","protected":false},"author":1,"featured_media":913,"comment_status":"closed","ping_status":"closed","sticky":false,"template":"","format":"standard","meta":{"footnotes":""},"categories":[14],"tags":[20,22,21,15,13],"class_list":["post-910","post","type-post","status-publish","format-standard","has-post-thumbnail","hentry","category-noticias","tag-30x30","tag-amps","tag-areas-marinas-protegidas","tag-congreso","tag-pesca-de-arrastre"],"_links":{"self":[{"href":"https:\/\/sanhv.org\/en\/wp-json\/wp\/v2\/posts\/910","targetHints":{"allow":["GET"]}}],"collection":[{"href":"https:\/\/sanhv.org\/en\/wp-json\/wp\/v2\/posts"}],"about":[{"href":"https:\/\/sanhv.org\/en\/wp-json\/wp\/v2\/types\/post"}],"author":[{"embeddable":true,"href":"https:\/\/sanhv.org\/en\/wp-json\/wp\/v2\/users\/1"}],"replies":[{"embeddable":true,"href":"https:\/\/sanhv.org\/en\/wp-json\/wp\/v2\/comments?post=910"}],"version-history":[{"count":1,"href":"https:\/\/sanhv.org\/en\/wp-json\/wp\/v2\/posts\/910\/revisions"}],"predecessor-version":[{"id":914,"href":"https:\/\/sanhv.org\/en\/wp-json\/wp\/v2\/posts\/910\/revisions\/914"}],"wp:featuredmedia":[{"embeddable":true,"href":"https:\/\/sanhv.org\/en\/wp-json\/wp\/v2\/media\/913"}],"wp:attachment":[{"href":"https:\/\/sanhv.org\/en\/wp-json\/wp\/v2\/media?parent=910"}],"wp:term":[{"taxonomy":"category","embeddable":true,"href":"https:\/\/sanhv.org\/en\/wp-json\/wp\/v2\/categories?post=910"},{"taxonomy":"post_tag","embeddable":true,"href":"https:\/\/sanhv.org\/en\/wp-json\/wp\/v2\/tags?post=910"}],"curies":[{"name":"wp","href":"https:\/\/api.w.org\/{rel}","templated":true}]}}