{"id":959,"date":"2023-10-13T10:41:26","date_gmt":"2023-10-13T13:41:26","guid":{"rendered":"https:\/\/sanhv.org\/?p=959"},"modified":"2023-10-13T10:46:06","modified_gmt":"2023-10-13T13:46:06","slug":"elecciones-2023-cuanto-importa-el-mar-en-la-agenda-politica","status":"publish","type":"post","link":"https:\/\/sanhv.org\/en\/elecciones-2023-cuanto-importa-el-mar-en-la-agenda-politica\/","title":{"rendered":"Elecciones 2023: \u00bfCu\u00e1nto importa el mar en la agenda pol\u00edtica?"},"content":{"rendered":"<p>Uno de los ejes que eligi\u00f3 la gente para que expongan los candidatos a presidente durante el \u00faltimo debate fue la protecci\u00f3n del ambiente. Esto puso en evidencia la responsabilidad social y la <strong>preocupaci\u00f3n que existe en torno a las pol\u00edticas ambientales.<\/strong><\/p>\n\n\n\n<p>Si bien el tema tuvo un escueto tratamiento, hubo ausencias que fueron notorias. Una de ellas fue las pol\u00edticas vinculadas a un generador de recursos tan importante como es el mar. <strong>Solo dos candidatos, Myriam Bregman y Juan Schiaretti realizaron una breve menci\u00f3n, pero no hubo mucho m\u00e1s<\/strong>.<\/p>\n\n\n\n<p>En este sentido, desde la <strong>Fundaci\u00f3n C\u00edrculo de Pol\u00edticas Ambientales<\/strong>, que se dedica a promover el fortalecimiento de la agenda pol\u00edtica ambiental a trav\u00e9s de la investigaci\u00f3n, la difusi\u00f3n y la capacitaci\u00f3n,<strong> <\/strong>se realiz\u00f3 un <strong>detallado informe sobre las propuestas que figuran en las plataformas de cada uno de los candidatos, sobre la importancia que le dan al mar<\/strong>.<\/p>\n\n\n\n<h2 class=\"wp-block-heading\"><strong>\u00c1reas marinas protegidas<\/strong><\/h2>\n\n\n\n<p>Literalmente, <strong>ning\u00fan candidato tiene propuestas en relaci\u00f3n a la creaci\u00f3n de nuevas \u00e1reas marinas protegidas u otra categor\u00eda de conservaci\u00f3n en particular<\/strong>. No obstante, desde el Frente de Izquierda, Hacemos Nuestro Pa\u00eds y La Libertad Avanza s\u00ed plantean la responsabilidad de protecci\u00f3n del medio marino, en t\u00e9rminos econ\u00f3micos y de soberan\u00eda.<\/p>\n\n\n\n<figure class=\"wp-block-image aligncenter size-full\"><img fetchpriority=\"high\" decoding=\"async\" width=\"1000\" height=\"750\" src=\"https:\/\/sanhv.org\/wp-content\/uploads\/2023\/07\/Ballenas-Pat.-Azul-Lucas-Beltramino-2-6.jpg\" alt=\"\" class=\"wp-image-873\" srcset=\"https:\/\/sanhv.org\/wp-content\/uploads\/2023\/07\/Ballenas-Pat.-Azul-Lucas-Beltramino-2-6.jpg 1000w, https:\/\/sanhv.org\/wp-content\/uploads\/2023\/07\/Ballenas-Pat.-Azul-Lucas-Beltramino-2-6-300x225.jpg 300w, https:\/\/sanhv.org\/wp-content\/uploads\/2023\/07\/Ballenas-Pat.-Azul-Lucas-Beltramino-2-6-768x576.jpg 768w\" sizes=\"(max-width: 1000px) 100vw, 1000px\" \/><\/figure>\n\n\n\n<h2 class=\"wp-block-heading\"><strong>Pesca ilegal, no declarada y no reglamentada (INDNR)<\/strong><\/h2>\n\n\n\n<p>Desde el espacio de <strong>Myriam Bregman<\/strong> se reconoce el problema de la pesca INDNR en el Atl\u00e1ntico Sudoccidental, aunque no se postulan propuestas espec\u00edficas para su abordaje dentro de la Zona Econ\u00f3mica Exclusiva y al borde exterior de la milla 200.<\/p>\n\n\n\n<p>En sus plataformas, tanto <strong>Sergio Massa<\/strong> como <strong>Patricia Bullrich<\/strong> y <strong>Juan Schiaretti<\/strong>, no hacen referencia a propuestas referidas al mar. M\u00e1s all\u00e1 de la defensa y la seguridad en materia de ambiente o desarrollo, en el caso de la candidata de Juntos por el Cambio, y a un breve apartado sobre la revalorizaci\u00f3n del rol del mar argentino en la econom\u00eda, propuesto desde Hacemos Nuestro Pa\u00eds.<\/p>\n\n\n\n<p>Por \u00faltimo, desde la plataforma de <strong>Javier Milei<\/strong> se menciona la pesca en general y la pesca ilegal en particular, aunque no sugiere pol\u00edticas o acciones tendientes a desalentar o regular la pesca INDNR por fuera de la milla 200.<\/p>\n\n\n\n<figure class=\"wp-block-image aligncenter size-full\"><img decoding=\"async\" width=\"730\" height=\"438\" src=\"https:\/\/sanhv.org\/wp-content\/uploads\/2023\/06\/WhatsApp-Image-2023-04-24-at-11.57.45-3.jpeg\" alt=\"\" class=\"wp-image-811\" srcset=\"https:\/\/sanhv.org\/wp-content\/uploads\/2023\/06\/WhatsApp-Image-2023-04-24-at-11.57.45-3.jpeg 730w, https:\/\/sanhv.org\/wp-content\/uploads\/2023\/06\/WhatsApp-Image-2023-04-24-at-11.57.45-3-300x180.jpeg 300w\" sizes=\"(max-width: 730px) 100vw, 730px\" \/><\/figure>\n\n\n\n<h2 class=\"wp-block-heading\"><strong>Contaminaci\u00f3n marina<\/strong><\/h2>\n\n\n\n<p>En este punto, <strong>Myriam Bregman<\/strong> no tiene propuestas concretas o acciones para abordar la contaminaci\u00f3n pl\u00e1stica y de otros residuos. Pero sienta un posicionamiento ambiental con respecto al mar, al oponerse a \u00abactividades que pongan en riesgo su biodiversidad\u00bb.<\/p>\n\n\n\n<p><strong>Patricia Bullrich<\/strong> incluye un \u00edtem sobre la contaminaci\u00f3n de los cursos de agua que, si bien es general, contribuir\u00eda a evitar la contaminaci\u00f3n marina.<\/p>\n\n\n\n<p><strong>Sergio Massa<\/strong> directamente no tiene referencias vinculadas a la contaminaci\u00f3n, ni en t\u00e9rminos generales, ni en relaci\u00f3n a la contaminaci\u00f3n pl\u00e1stica en particular, ni del medio marino.<\/p>\n\n\n\n<p>En su propuesta, <strong>Juan Schiaretti<\/strong> se\u00f1ala la necesidad de la prohibici\u00f3n de los pl\u00e1sticos de un solo uso, aunque esto no se ampl\u00eda al problema de la gesti\u00f3n de los residuos en todo el territorio ni a acciones para abordarlo.<\/p>\n\n\n\n<p>Por \u00faltimo, en la plataforma de <strong>Javier Milei<\/strong> no hay ninguna referencia a la contaminaci\u00f3n en general, ni tampoco del medio marino.<\/p>\n\n\n\n<figure class=\"wp-block-image aligncenter size-full\"><img decoding=\"async\" width=\"1000\" height=\"667\" src=\"https:\/\/sanhv.org\/wp-content\/uploads\/2023\/06\/BAF2021_16-Costa-Patagonica-1248.jpg\" alt=\"\" class=\"wp-image-818\" srcset=\"https:\/\/sanhv.org\/wp-content\/uploads\/2023\/06\/BAF2021_16-Costa-Patagonica-1248.jpg 1000w, https:\/\/sanhv.org\/wp-content\/uploads\/2023\/06\/BAF2021_16-Costa-Patagonica-1248-300x200.jpg 300w, https:\/\/sanhv.org\/wp-content\/uploads\/2023\/06\/BAF2021_16-Costa-Patagonica-1248-768x512.jpg 768w\" sizes=\"(max-width: 1000px) 100vw, 1000px\" \/><\/figure>\n\n\n\n<h2 class=\"wp-block-heading\"><strong>Acuerdos internacionales<\/strong><\/h2>\n\n\n\n<p>El espacio de <strong>Myriam Bregman<\/strong> solo incluye en su plataforma postulados directos o indirectos sobre cambio clim\u00e1tico y protecci\u00f3n del ambiente marino.<\/p>\n\n\n\n<p><strong>Patricia Bullrich<\/strong> solo menciona de forma gen\u00e9rica a los acuerdos ambientales internacionales. En el apartado de Pol\u00edtica Exterior propone \u00abimpulsar mediante las relaciones internacionales el desarrollo sostenible. El respeto de acuerdos ambientales y sustentabilidad ser\u00e1 uno de los ejes de nuestra pol\u00edtica exterior\u00bb.<\/p>\n\n\n\n<p>Por su parte, <strong>Sergio Massa<\/strong> no hace referencia a la pol\u00edtica exterior en relaci\u00f3n a los acuerdos ambientales, aunque s\u00ed se propone desarrollar una pol\u00edtica ambiental de adaptaci\u00f3n y mitigaci\u00f3n al cambio clim\u00e1tico.<\/p>\n\n\n\n<p><strong>Juan Schiaretti<\/strong>, tampoco alude en forma expl\u00edcita a la pol\u00edtica exterior vinculada al ambiente. Pero resalta el compromiso asumido por la Argentina ante el Acuerdo de Par\u00eds y el incumplimiento actual de la meta propuesta.<\/p>\n\n\n\n<p>En tanto que, desde el espacio de <strong>Javier Milei<\/strong>, directamente no se menciona a la pol\u00edtica exterior vinculada al ambiente.<\/p>\n\n\n\n<figure class=\"wp-block-image aligncenter size-full\"><img loading=\"lazy\" decoding=\"async\" width=\"1000\" height=\"562\" src=\"https:\/\/sanhv.org\/wp-content\/uploads\/2023\/07\/3.jpg\" alt=\"\" class=\"wp-image-896\" srcset=\"https:\/\/sanhv.org\/wp-content\/uploads\/2023\/07\/3.jpg 1000w, https:\/\/sanhv.org\/wp-content\/uploads\/2023\/07\/3-300x169.jpg 300w, https:\/\/sanhv.org\/wp-content\/uploads\/2023\/07\/3-768x432.jpg 768w\" sizes=\"(max-width: 1000px) 100vw, 1000px\" \/><\/figure>\n\n\n\n<h2 class=\"wp-block-heading\"><strong>Poca profundidad<\/strong><\/h2>\n\n\n\n<p>En resumen, <strong>son poco gravitantes las propuestas de los distintos candidatos vinculadas al mar<\/strong>. Gracias a la participaci\u00f3n ciudadana se logr\u00f3 que la protecci\u00f3n del ambiente se incluya en el debate presidencial. Esto puso en evidencia la preocupaci\u00f3n de la comunidad en estos importantes temas, porque <strong>se entiende que bregar por pol\u00edticas con enfoque ecosist\u00e9mico es la \u00fanica forma de garantizar un futuro sostenible<\/strong>.<\/p>\n\n\n\n<p>As\u00ed las cosas, <strong>gran parte de la sociedad se est\u00e1 dando vuelta, pero la pol\u00edtica parece que a\u00fan sigue d\u00e1ndole la espalda al mar<\/strong>.<\/p>","protected":false},"excerpt":{"rendered":"<p>En la segunda edici\u00f3n del debate presidencial, los candidatos expusieron sobre la protecci\u00f3n del Ambiente. En este marco \u00bfqu\u00e9 propuso cada uno sobre un tema tan importante como el mar?<\/p>","protected":false},"author":1,"featured_media":961,"comment_status":"closed","ping_status":"closed","sticky":false,"template":"","format":"standard","meta":{"footnotes":""},"categories":[14],"tags":[20,21,19,13],"class_list":["post-959","post","type-post","status-publish","format-standard","has-post-thumbnail","hentry","category-noticias","tag-30x30","tag-areas-marinas-protegidas","tag-contaminacion","tag-pesca-de-arrastre"],"_links":{"self":[{"href":"https:\/\/sanhv.org\/en\/wp-json\/wp\/v2\/posts\/959","targetHints":{"allow":["GET"]}}],"collection":[{"href":"https:\/\/sanhv.org\/en\/wp-json\/wp\/v2\/posts"}],"about":[{"href":"https:\/\/sanhv.org\/en\/wp-json\/wp\/v2\/types\/post"}],"author":[{"embeddable":true,"href":"https:\/\/sanhv.org\/en\/wp-json\/wp\/v2\/users\/1"}],"replies":[{"embeddable":true,"href":"https:\/\/sanhv.org\/en\/wp-json\/wp\/v2\/comments?post=959"}],"version-history":[{"count":1,"href":"https:\/\/sanhv.org\/en\/wp-json\/wp\/v2\/posts\/959\/revisions"}],"predecessor-version":[{"id":960,"href":"https:\/\/sanhv.org\/en\/wp-json\/wp\/v2\/posts\/959\/revisions\/960"}],"wp:featuredmedia":[{"embeddable":true,"href":"https:\/\/sanhv.org\/en\/wp-json\/wp\/v2\/media\/961"}],"wp:attachment":[{"href":"https:\/\/sanhv.org\/en\/wp-json\/wp\/v2\/media?parent=959"}],"wp:term":[{"taxonomy":"category","embeddable":true,"href":"https:\/\/sanhv.org\/en\/wp-json\/wp\/v2\/categories?post=959"},{"taxonomy":"post_tag","embeddable":true,"href":"https:\/\/sanhv.org\/en\/wp-json\/wp\/v2\/tags?post=959"}],"curies":[{"name":"wp","href":"https:\/\/api.w.org\/{rel}","templated":true}]}}